{"id":1024,"date":"2022-03-24T12:01:40","date_gmt":"2022-03-24T15:01:40","guid":{"rendered":"https:\/\/coretarapaca.cl\/wp\/?p=1024"},"modified":"2025-06-16T12:08:50","modified_gmt":"2025-06-16T16:08:50","slug":"en-sesion-realizada-este-miercoles-los-consejeros-regionales-acordaron-alternar-la-presidencia-de-la-comision-de-regimen-interno-del-core-de-tarapaca-en-periodos-consecutivos-de-5-meses","status":"publish","type":"post","link":"https:\/\/coretarapaca.cl\/wp\/?p=1024","title":{"rendered":"Iv\u00e1n P\u00e9rez ser\u00e1 Pdte. en el primer per\u00edodo y Claudia Hern\u00e1ndez en el segundo."},"content":{"rendered":"\n<p class=\"has-text-align-center\">En Sesi\u00f3n Realizada Este Mi\u00e9rcoles, Los Consejeros Regionales Acordaron Alternar La Presidencia De La Comisi\u00f3n De R\u00e9gimen Interno Del Core De Tarapac\u00e1, en Periodos Consecutivos De 5 Meses.<\/p>\n\n\n\n<p>Durante la quinta sesi\u00f3n ordinaria del Consejo Regional de Tarapac\u00e1, que se celebr\u00f3 este mi\u00e9rcoles 23 de marzo, los consejeros acordaron dividir en dos etapas de 5 meses cada una, el per\u00edodo para detentar el cargo de Presidente de la Comisi\u00f3n de R\u00e9gimen Interno del cuerpo colegiado.<\/p>\n\n\n\n<p>Los consejeros eligieron para que asumiera dicha funci\u00f3n por el primer ciclo, al consejero Iv\u00e1n P\u00e9rez Valencia quien milita en Renovaci\u00f3n Nacional, y para el segundo per\u00edodo, a su colega del Partido de la Gente Claudia Hern\u00e1ndez P\u00e9rez, quedando fijada de esta manera, la alternancia en dicha testera.<\/p>\n\n\n\n<blockquote class=\"wp-block-quote is-layout-flow wp-block-quote-is-layout-flow\"><p>&nbsp;&nbsp;&nbsp;&nbsp;&nbsp;&nbsp;&nbsp;&nbsp;&nbsp;&nbsp;&nbsp; Esto implica que el consejero P\u00e9rez Valencia ocupe el cargo entre los meses de marzo y julio de este a\u00f1o, y la consejera Hern\u00e1ndez P\u00e9rez lo har\u00e1 entre agosto y diciembre pr\u00f3ximos.<\/p><\/blockquote>\n\n\n\n<p>&nbsp;&nbsp;&nbsp;&nbsp;&nbsp;&nbsp;&nbsp;&nbsp;&nbsp;&nbsp;&nbsp; La sesi\u00f3n, que se realiz\u00f3 bajo modalidad dual, es decir, tanto v\u00eda remota como presencial, se extendi\u00f3 por espacio de 3 horas y media, y en una primera instancia, la votaci\u00f3n para elegir al Presidente de la Comisi\u00f3n de R\u00e9gimen Interno del CORE de Tarapac\u00e1, result\u00f3 en empate, con siete votos para cada candidato citado.<\/p>\n\n\n\n<p>&nbsp;&nbsp;&nbsp;&nbsp;&nbsp;&nbsp;&nbsp;&nbsp;&nbsp;&nbsp;&nbsp; La asamblea, que cont\u00f3 con la asistencia de la totalidad de los 14 consejeros regionales, revis\u00f3 una serie de alternativas para superar la situaci\u00f3n de tablas en la que hab\u00eda quedado, en primera instancia, la votaci\u00f3n para Presidente de la Comisi\u00f3n de R\u00e9gimen Interno. Luego de deliberar, se lleg\u00f3 al acuerdo de dividir en dos per\u00edodos, la presidencia de dicha comisi\u00f3n, con la precisi\u00f3n de la alternancia en el cargo.<\/p>\n\n\n\n<p>&nbsp;&nbsp;&nbsp;&nbsp;&nbsp;&nbsp;&nbsp;&nbsp;&nbsp;&nbsp;&nbsp; Adem\u00e1s, durante la sesi\u00f3n, los consejeros aprobaron por unanimidad, retomar la presencialidad en el trabajo de comisiones del Consejo Regional.<\/p>\n\n\n\n<p>&nbsp;&nbsp;&nbsp;&nbsp;&nbsp;&nbsp;&nbsp;&nbsp;&nbsp;&nbsp;&nbsp; Tambi\u00e9n se aprob\u00f3 el calendario de sesiones y plenos para el pr\u00f3ximo mes de abril, quedando \u00e9ste de la siguiente manera: las sesiones de las comisiones No Resolutivas se programaron para los d\u00edas martes 12 y 19 de abril; las sesiones de las comisiones con car\u00e1cter Resolutivas se celebrar\u00e1n los d\u00edas martes 5 y martes 26; las Sesiones Plenarias del Consejo se fijaron para los d\u00edas jueves 7 y 28 de abril; y para el jueves 21 se program\u00f3 una sesi\u00f3n No Resolutiva en terreno.<\/p>\n\n\n\n<p><\/p>\n\n\n\n<figure class=\"wp-block-gallery has-nested-images columns-default is-cropped wp-block-gallery-1 is-layout-flex wp-block-gallery-is-layout-flex\">\n<figure class=\"wp-block-image size-large\"><img loading=\"lazy\" decoding=\"async\" width=\"1024\" height=\"684\" data-id=\"1026\" src=\"https:\/\/coretarapaca.cl\/wp\/wp-content\/uploads\/2022\/03\/RI-4-1024x684.jpg\" alt=\"\" class=\"wp-image-1026\" srcset=\"https:\/\/coretarapaca.cl\/wp\/wp-content\/uploads\/2022\/03\/RI-4-1024x684.jpg 1024w, https:\/\/coretarapaca.cl\/wp\/wp-content\/uploads\/2022\/03\/RI-4-300x200.jpg 300w, https:\/\/coretarapaca.cl\/wp\/wp-content\/uploads\/2022\/03\/RI-4-768x513.jpg 768w, https:\/\/coretarapaca.cl\/wp\/wp-content\/uploads\/2022\/03\/RI-4-1536x1025.jpg 1536w, https:\/\/coretarapaca.cl\/wp\/wp-content\/uploads\/2022\/03\/RI-4-2048x1367.jpg 2048w\" sizes=\"auto, (max-width: 1024px) 100vw, 1024px\" \/><\/figure>\n\n\n\n<figure class=\"wp-block-image size-large\"><img loading=\"lazy\" decoding=\"async\" width=\"1024\" height=\"683\" data-id=\"1025\" src=\"https:\/\/coretarapaca.cl\/wp\/wp-content\/uploads\/2022\/03\/Comisio\u0301n-Pleno-1024x683.jpg\" alt=\"\" class=\"wp-image-1025\" srcset=\"https:\/\/coretarapaca.cl\/wp\/wp-content\/uploads\/2022\/03\/Comisio\u0301n-Pleno-1024x683.jpg 1024w, https:\/\/coretarapaca.cl\/wp\/wp-content\/uploads\/2022\/03\/Comisio\u0301n-Pleno-300x200.jpg 300w, https:\/\/coretarapaca.cl\/wp\/wp-content\/uploads\/2022\/03\/Comisio\u0301n-Pleno-768x513.jpg 768w, https:\/\/coretarapaca.cl\/wp\/wp-content\/uploads\/2022\/03\/Comisio\u0301n-Pleno-1536x1025.jpg 1536w, https:\/\/coretarapaca.cl\/wp\/wp-content\/uploads\/2022\/03\/Comisio\u0301n-Pleno-2048x1367.jpg 2048w\" sizes=\"auto, (max-width: 1024px) 100vw, 1024px\" \/><\/figure>\n<\/figure>\n","protected":false},"excerpt":{"rendered":"<p>En Sesi\u00f3n Realizada Este Mi\u00e9rcoles, Los Consejeros Regionales Acordaron Alternar La Presidencia De La Comisi\u00f3n De R\u00e9gimen Interno Del Core De Tarapac\u00e1, en Periodos Consecutivos De 5 Meses. Durante la quinta sesi\u00f3n ordinaria del Consejo Regional de Tarapac\u00e1, que se celebr\u00f3 este mi\u00e9rcoles 23 de marzo, los consejeros acordaron dividir en dos etapas de 5 [&hellip;]<\/p>\n","protected":false},"author":1,"featured_media":1031,"comment_status":"closed","ping_status":"open","sticky":false,"template":"","format":"standard","meta":{"_mi_skip_tracking":false,"footnotes":""},"categories":[74],"tags":[],"class_list":["post-1024","post","type-post","status-publish","format-standard","has-post-thumbnail","hentry","category-regimen-interno"],"_links":{"self":[{"href":"https:\/\/coretarapaca.cl\/wp\/index.php?rest_route=\/wp\/v2\/posts\/1024","targetHints":{"allow":["GET"]}}],"collection":[{"href":"https:\/\/coretarapaca.cl\/wp\/index.php?rest_route=\/wp\/v2\/posts"}],"about":[{"href":"https:\/\/coretarapaca.cl\/wp\/index.php?rest_route=\/wp\/v2\/types\/post"}],"author":[{"embeddable":true,"href":"https:\/\/coretarapaca.cl\/wp\/index.php?rest_route=\/wp\/v2\/users\/1"}],"replies":[{"embeddable":true,"href":"https:\/\/coretarapaca.cl\/wp\/index.php?rest_route=%2Fwp%2Fv2%2Fcomments&post=1024"}],"version-history":[{"count":4,"href":"https:\/\/coretarapaca.cl\/wp\/index.php?rest_route=\/wp\/v2\/posts\/1024\/revisions"}],"predecessor-version":[{"id":1035,"href":"https:\/\/coretarapaca.cl\/wp\/index.php?rest_route=\/wp\/v2\/posts\/1024\/revisions\/1035"}],"wp:featuredmedia":[{"embeddable":true,"href":"https:\/\/coretarapaca.cl\/wp\/index.php?rest_route=\/wp\/v2\/media\/1031"}],"wp:attachment":[{"href":"https:\/\/coretarapaca.cl\/wp\/index.php?rest_route=%2Fwp%2Fv2%2Fmedia&parent=1024"}],"wp:term":[{"taxonomy":"category","embeddable":true,"href":"https:\/\/coretarapaca.cl\/wp\/index.php?rest_route=%2Fwp%2Fv2%2Fcategories&post=1024"},{"taxonomy":"post_tag","embeddable":true,"href":"https:\/\/coretarapaca.cl\/wp\/index.php?rest_route=%2Fwp%2Fv2%2Ftags&post=1024"}],"curies":[{"name":"wp","href":"https:\/\/api.w.org\/{rel}","templated":true}]}}