{"id":1222,"date":"2022-05-31T15:37:05","date_gmt":"2022-05-31T19:37:05","guid":{"rendered":"https:\/\/coretarapaca.cl\/wp\/?p=1222"},"modified":"2025-06-16T12:08:34","modified_gmt":"2025-06-16T16:08:34","slug":"comision-conjunta-del-consejo-regional-de-tarapaca-sesiono-este-viernes-en-bajo-soga-para-escuchar-requerimientos-de-los-vecinos-y-buscar-junto-a-ellos-soluciones-efectivas","status":"publish","type":"post","link":"https:\/\/coretarapaca.cl\/wp\/?p=1222","title":{"rendered":"COMISION CONJUNTA DEL CONSEJO REGIONAL DE TARAPACA SESIONO ESTE VIERNES EN BAJO SOGA, PARA ESCUCHAR REQUERIMIENTOS DE LOS VECINOS, Y BUSCAR JUNTO A ELLOS, SOLUCIONES EFECTIVAS"},"content":{"rendered":"\n<p>Los integrantes de la Comisi\u00f3n Conjunta de Desarrollo y Afianzamiento de la Identidad Rural, de Arte, Cultura y Educaci\u00f3n, de Infraestructura, Inversi\u00f3n y Presupuesto, de Salud, y de Fomento, Emprendimiento e Innovaci\u00f3n del Consejo Regional de Tarapac\u00e1, realizaron una sesi\u00f3n en terreno, en el poblado de Bajo Soga, perteneciente a la comuna de Huara, durante la jornada del viernes, para escuchar y coordinar con los vecinos, soluciones espec\u00edficas para diversos planteamientos de la comunidad.<\/p>\n\n\n\n<p>&nbsp;&nbsp;&nbsp;&nbsp;&nbsp;&nbsp;&nbsp;&nbsp;&nbsp;&nbsp;&nbsp; A la cita asistieron los consejeros regionales Carlos Mancilla, Presidente de la Comisi\u00f3n de Arte, Cultura y Educaci\u00f3n; Rosita Torres, Presidenta de la Comisi\u00f3n de Desarrollo y Afianzamiento de la Identidad Rural; Claudia Hern\u00e1ndez, Vicepresidenta de la Comisi\u00f3n de Vivienda y Desarrollo Urbano; Luis Carvajal, Presidente de la Comisi\u00f3n de Deportes y Recreaci\u00f3n; Abraham D\u00edaz, Vicepresidente de la Comisi\u00f3n de Infraestructura; Solange Jim\u00e9nez, Presidenta de la Comisi\u00f3n Fiscalizadora; Eduardo Mamani, Presidente de la Comisi\u00f3n de Transporte, Movilidad y Telecomunicaciones; y Camila Navarro, Presidenta de la Comisi\u00f3n de Desarrollo y Equidad Social.<\/p>\n\n\n\n<figure class=\"wp-block-image size-large\"><img loading=\"lazy\" decoding=\"async\" width=\"1024\" height=\"865\" src=\"https:\/\/coretarapaca.cl\/wp\/wp-content\/uploads\/284475203_10227806787945333_5509507430805466024_n-1024x865.jpg\" alt=\"\" class=\"wp-image-1224\" srcset=\"https:\/\/coretarapaca.cl\/wp\/wp-content\/uploads\/284475203_10227806787945333_5509507430805466024_n-1024x865.jpg 1024w, https:\/\/coretarapaca.cl\/wp\/wp-content\/uploads\/284475203_10227806787945333_5509507430805466024_n-300x254.jpg 300w, https:\/\/coretarapaca.cl\/wp\/wp-content\/uploads\/284475203_10227806787945333_5509507430805466024_n-768x649.jpg 768w, https:\/\/coretarapaca.cl\/wp\/wp-content\/uploads\/284475203_10227806787945333_5509507430805466024_n.jpg 1536w\" sizes=\"auto, (max-width: 1024px) 100vw, 1024px\" \/><\/figure>\n\n\n\n<p>&nbsp;&nbsp;&nbsp;&nbsp;&nbsp;&nbsp;&nbsp;&nbsp;&nbsp;&nbsp;&nbsp; Adem\u00e1s participaron en la comisi\u00f3n en terreno, funcionarios de distintos servicios p\u00fablicos como Obras P\u00fablicas, de la SEREMI de Educaci\u00f3n, de Bienes Nacionales, de la SEREMI de Agricultura, de la SEREMI de Transportes, del Servicio de Salud de Iquique, de Vialidad y de Obras Hidr\u00e1ulicas del MOP, dela JUNJI, de la CONAF, de CONAF, del Servicio Nacional de Patrimonio, y de la Municipalidad de Huara.<\/p>\n\n\n\n<p>&nbsp;&nbsp;&nbsp;&nbsp;&nbsp;&nbsp;&nbsp;&nbsp;&nbsp;&nbsp;&nbsp; Por parte de los vecinos, estuvieron presentes en la reuni\u00f3n, el Presidente de la Junta Vecinal de Bajo Soga Diego Humire, y el Secretario de la Junta Vecinal El Valle Algarrobal Mauricio Araya, entre otros dirigentes.<\/p>\n\n\n\n<p>&nbsp;&nbsp;&nbsp;&nbsp;&nbsp;&nbsp;&nbsp;&nbsp;&nbsp;&nbsp;<strong><em>&nbsp; Durante la jornada, se trataron diversos temas atingentes a la situaci\u00f3n actual de aislamiento y de urgente necesidad de mejorar la infraestructura p\u00fablica del poblado. Los dirigentes vecinales plantearon los problemas que enfrenta la escuela rural del sector, la deficiente atenci\u00f3n de emergencias que evidencia la posta rural, solicitaron aclarar la situaci\u00f3n de concesi\u00f3n o comodato de los terrenos en los que se ejecutan las obras viales de conexi\u00f3n al poblado, demandaron mayor apoyo a los agricultores, la implementaci\u00f3n de un servicio de transporte escolar y rural, la efectiva mantenci\u00f3n de caminos, y la aceleraci\u00f3n de las obras hidr\u00e1ulicas en la bajada del r\u00edo que cruza el poblado, entre otras peticiones.<\/em><\/strong><\/p>\n\n\n\n<p>&nbsp;&nbsp;&nbsp;&nbsp;&nbsp;&nbsp;&nbsp;&nbsp;&nbsp;&nbsp;&nbsp; Durante la reuni\u00f3n, los consejeros regionales coordinaron con los representantes de los distintos servicios p\u00fablicos, soluciones inmediatas para los problemas m\u00e1s urgentes que plantearon los vecinos, y tambi\u00e9n comprometieron medidas definitivas, para aquellos requerimientos de los pobladores, que ameritan mayor plazo para su ejecuci\u00f3n.<\/p>\n","protected":false},"excerpt":{"rendered":"<p>Los integrantes de la Comisi\u00f3n Conjunta de Desarrollo y Afianzamiento de la Identidad Rural, de Arte, Cultura y Educaci\u00f3n, de Infraestructura, Inversi\u00f3n y Presupuesto, de Salud, y de Fomento, Emprendimiento e Innovaci\u00f3n del Consejo Regional de Tarapac\u00e1, realizaron una sesi\u00f3n en terreno, en el poblado de Bajo Soga, perteneciente a la comuna de Huara, durante [&hellip;]<\/p>\n","protected":false},"author":3,"featured_media":1223,"comment_status":"closed","ping_status":"open","sticky":false,"template":"","format":"standard","meta":{"_mi_skip_tracking":false,"footnotes":""},"categories":[79],"tags":[],"class_list":["post-1222","post","type-post","status-publish","format-standard","has-post-thumbnail","hentry","category-desarrollo-y-afianzamiento-de-la-identidad-rural"],"_links":{"self":[{"href":"https:\/\/coretarapaca.cl\/wp\/index.php?rest_route=\/wp\/v2\/posts\/1222","targetHints":{"allow":["GET"]}}],"collection":[{"href":"https:\/\/coretarapaca.cl\/wp\/index.php?rest_route=\/wp\/v2\/posts"}],"about":[{"href":"https:\/\/coretarapaca.cl\/wp\/index.php?rest_route=\/wp\/v2\/types\/post"}],"author":[{"embeddable":true,"href":"https:\/\/coretarapaca.cl\/wp\/index.php?rest_route=\/wp\/v2\/users\/3"}],"replies":[{"embeddable":true,"href":"https:\/\/coretarapaca.cl\/wp\/index.php?rest_route=%2Fwp%2Fv2%2Fcomments&post=1222"}],"version-history":[{"count":2,"href":"https:\/\/coretarapaca.cl\/wp\/index.php?rest_route=\/wp\/v2\/posts\/1222\/revisions"}],"predecessor-version":[{"id":1237,"href":"https:\/\/coretarapaca.cl\/wp\/index.php?rest_route=\/wp\/v2\/posts\/1222\/revisions\/1237"}],"wp:featuredmedia":[{"embeddable":true,"href":"https:\/\/coretarapaca.cl\/wp\/index.php?rest_route=\/wp\/v2\/media\/1223"}],"wp:attachment":[{"href":"https:\/\/coretarapaca.cl\/wp\/index.php?rest_route=%2Fwp%2Fv2%2Fmedia&parent=1222"}],"wp:term":[{"taxonomy":"category","embeddable":true,"href":"https:\/\/coretarapaca.cl\/wp\/index.php?rest_route=%2Fwp%2Fv2%2Fcategories&post=1222"},{"taxonomy":"post_tag","embeddable":true,"href":"https:\/\/coretarapaca.cl\/wp\/index.php?rest_route=%2Fwp%2Fv2%2Ftags&post=1222"}],"curies":[{"name":"wp","href":"https:\/\/api.w.org\/{rel}","templated":true}]}}