{"id":1287,"date":"2022-06-24T12:32:11","date_gmt":"2022-06-24T16:32:11","guid":{"rendered":"https:\/\/coretarapaca.cl\/wp\/?p=1287"},"modified":"2025-06-16T12:08:33","modified_gmt":"2025-06-16T16:08:33","slug":"en-sesion-plenaria-extraordinaria-del-consejo-regional-se-aprobaron-propuestas-para-el-presupuesto-del-ano-2023-del-gore-y-para-el-anteproyecto-regional-de-inversiones-ari-2023","status":"publish","type":"post","link":"https:\/\/coretarapaca.cl\/wp\/?p=1287","title":{"rendered":"EN SESION PLENARIA EXTRAORDINARIA DEL CONSEJO REGIONAL, SE APROBARON PROPUESTAS PARA EL PRESUPUESTO DEL A\u00d1O 2023 DEL GORE, Y PARA EL ANTEPROYECTO REGIONAL DE INVERSIONES ARI 2023"},"content":{"rendered":"\n<p class=\"has-medium-font-size\">Presupuesto Regional 2023 alcanza los $50.717 millones.<\/p>\n\n\n\n<p>En sesi\u00f3n plenaria extraordinaria realizada este viernes 24 de junio, y que fue presidida por el Gobernador Regional de Tarapac\u00e1, Jos\u00e9 Miguel Carvajal, el Consejo Regional aprob\u00f3 la propuesta del Presupuesto del Gobierno Regional A\u00f1o 2023, y del Anteproyecto Regional de Inversiones ARI a\u00f1o 2023, que fueron presentados ante el cuerpo colegiado, por la Presidenta de la Comisi\u00f3n de Infraestructura, Inversi\u00f3n y Presupuesto del CORE de Tarapac\u00e1, la consejera Daniela Solari.<\/p>\n\n\n\n<p>\u00a0\u00a0\u00a0\u00a0\u00a0\u00a0\u00a0\u00a0\u00a0\u00a0\u00a0 <strong><em>La propuesta, que fue elaborada por profesionales de la Divisi\u00f3n de Presupuesto e Inversi\u00f3n Regional DIPREIN, de la Divisi\u00f3n de Administraci\u00f3n y Finanzas DAF, y de la Divisi\u00f3n de Planificaci\u00f3n y Desarrollo Regional DIPLAD del Gobierno Regional, considera un Presupuesto 2023 del Programa 02 FNDR superior a los 50 mil 717 millones de pesos.<\/em><\/strong><\/p>\n\n\n\n<p>&nbsp;&nbsp;&nbsp;&nbsp;&nbsp;&nbsp;&nbsp;&nbsp;&nbsp;&nbsp;&nbsp; El pleno del Consejo Regional tambi\u00e9n aprob\u00f3 el marco presupuestario para gastos de funcionamiento del Gobierno Regional, proyectados para el a\u00f1o 2023, que en total asciende a 6 mil 304 millones de pesos.<\/p>\n\n\n\n<p>&nbsp;&nbsp;&nbsp;&nbsp;&nbsp;&nbsp;&nbsp;&nbsp;&nbsp;&nbsp;&nbsp; Los integrantes del cuerpo colegiado, tambi\u00e9n aprobaron la propuesta sobre el Anteproyecto Regional de Inversiones ARI a\u00f1o 2023, que considera una inversi\u00f3n estimada total superior a los 767 mil millones de pesos, monto que se desglosa en un 90 por ciento para proyectos sectoriales, unos 691 mil millones, y cerca de un 9,8 por ciento para iniciativas FNDR, lo que implica una inversi\u00f3n de m\u00e1s de 75 mil millones de pesos.<\/p>\n\n\n\n<p>\u00a0\u00a0\u00a0\u00a0\u00a0\u00a0\u00a0\u00a0\u00a0\u00a0\u00a0 Esta VIII Sesi\u00f3n Plenaria Extraordinaria del Consejo Regional se realiz\u00f3 mediante soporte virtual, v\u00eda zoom, y adem\u00e1s de ser presidida por la primera autoridad regional, el Gobernador Regional Jos\u00e9 Miguel Carvajal, cont\u00f3 con la participaci\u00f3n de los consejeros regionales Freddy Araneda, Sergio Asserella, Luis Carvajal, Abraham D\u00edaz, Claudia Hern\u00e1ndez, Solange Jim\u00e9nez, Eduardo Mamani, Carlos Mancilla, Luis Milla, Camila Navarro, Iv\u00e1n P\u00e9rez, Germ\u00e1n Quiroz, Daniela Solari y Rosita Torres.<\/p>\n\n\n\n<figure class=\"wp-block-image size-large\"><img loading=\"lazy\" decoding=\"async\" width=\"1024\" height=\"462\" src=\"https:\/\/coretarapaca.cl\/wp\/wp-content\/uploads\/Pleno-Extraordinario-1024x462.jpg\" alt=\"\" class=\"wp-image-1288\" srcset=\"https:\/\/coretarapaca.cl\/wp\/wp-content\/uploads\/Pleno-Extraordinario-1024x462.jpg 1024w, https:\/\/coretarapaca.cl\/wp\/wp-content\/uploads\/Pleno-Extraordinario-300x135.jpg 300w, https:\/\/coretarapaca.cl\/wp\/wp-content\/uploads\/Pleno-Extraordinario-768x347.jpg 768w, https:\/\/coretarapaca.cl\/wp\/wp-content\/uploads\/Pleno-Extraordinario.jpg 1172w\" sizes=\"auto, (max-width: 1024px) 100vw, 1024px\" \/><\/figure>\n","protected":false},"excerpt":{"rendered":"<p>Presupuesto Regional 2023 alcanza los $50.717 millones. En sesi\u00f3n plenaria extraordinaria realizada este viernes 24 de junio, y que fue presidida por el Gobernador Regional de Tarapac\u00e1, Jos\u00e9 Miguel Carvajal, el Consejo Regional aprob\u00f3 la propuesta del Presupuesto del Gobierno Regional A\u00f1o 2023, y del Anteproyecto Regional de Inversiones ARI a\u00f1o 2023, que fueron presentados [&hellip;]<\/p>\n","protected":false},"author":3,"featured_media":1288,"comment_status":"closed","ping_status":"open","sticky":false,"template":"","format":"standard","meta":{"_mi_skip_tracking":false,"footnotes":""},"categories":[96],"tags":[],"class_list":["post-1287","post","type-post","status-publish","format-standard","has-post-thumbnail","hentry","category-sesion-plenaria"],"_links":{"self":[{"href":"https:\/\/coretarapaca.cl\/wp\/index.php?rest_route=\/wp\/v2\/posts\/1287","targetHints":{"allow":["GET"]}}],"collection":[{"href":"https:\/\/coretarapaca.cl\/wp\/index.php?rest_route=\/wp\/v2\/posts"}],"about":[{"href":"https:\/\/coretarapaca.cl\/wp\/index.php?rest_route=\/wp\/v2\/types\/post"}],"author":[{"embeddable":true,"href":"https:\/\/coretarapaca.cl\/wp\/index.php?rest_route=\/wp\/v2\/users\/3"}],"replies":[{"embeddable":true,"href":"https:\/\/coretarapaca.cl\/wp\/index.php?rest_route=%2Fwp%2Fv2%2Fcomments&post=1287"}],"version-history":[{"count":1,"href":"https:\/\/coretarapaca.cl\/wp\/index.php?rest_route=\/wp\/v2\/posts\/1287\/revisions"}],"predecessor-version":[{"id":1289,"href":"https:\/\/coretarapaca.cl\/wp\/index.php?rest_route=\/wp\/v2\/posts\/1287\/revisions\/1289"}],"wp:featuredmedia":[{"embeddable":true,"href":"https:\/\/coretarapaca.cl\/wp\/index.php?rest_route=\/wp\/v2\/media\/1288"}],"wp:attachment":[{"href":"https:\/\/coretarapaca.cl\/wp\/index.php?rest_route=%2Fwp%2Fv2%2Fmedia&parent=1287"}],"wp:term":[{"taxonomy":"category","embeddable":true,"href":"https:\/\/coretarapaca.cl\/wp\/index.php?rest_route=%2Fwp%2Fv2%2Fcategories&post=1287"},{"taxonomy":"post_tag","embeddable":true,"href":"https:\/\/coretarapaca.cl\/wp\/index.php?rest_route=%2Fwp%2Fv2%2Ftags&post=1287"}],"curies":[{"name":"wp","href":"https:\/\/api.w.org\/{rel}","templated":true}]}}