{"id":1344,"date":"2022-08-03T16:16:37","date_gmt":"2022-08-03T20:16:37","guid":{"rendered":"https:\/\/coretarapaca.cl\/wp\/?p=1344"},"modified":"2025-06-16T12:08:33","modified_gmt":"2025-06-16T16:08:33","slug":"cores-inspeccionaron-el-estado-actual-de-la-torre-del-reloj-de-la-plaza-prat-ante-proyecto-que-presento-el-municipio-de-iquique-al-gobierno-regional-para-financiar-su-restauracion","status":"publish","type":"post","link":"https:\/\/coretarapaca.cl\/wp\/?p=1344","title":{"rendered":"CORES INSPECCIONARON EL ESTADO ACTUAL DE LA TORRE DEL RELOJ DE LA PLAZA PRAT, ANTE PROYECTO QUE PRESENTO EL MUNICIPIO DE IQUIQUE AL GOBIERNO REGIONAL, PARA FINANCIAR SU RESTAURACION"},"content":{"rendered":"\n<p class=\"has-medium-font-size\">IMI solicita al GORE que financie estudio de dise\u00f1o del proyecto de restauraci\u00f3n.<\/p>\n\n\n\n<p>Los integrantes de la Comisi\u00f3n de Turismo, Patrimonio y Relaciones Internacionales del Consejo Regional de Tarapac\u00e1, que preside el consejero Iv\u00e1n P\u00e9rez, realizaron una visita inspectiva a la Torre del Reloj de la Plaza Prat, para constatar la actual situaci\u00f3n de la estructura, que fue declarada Monumento Hist\u00f3rico Nacional en el a\u00f1o 1987, y que presenta algunos da\u00f1os por efecto del paso del tiempo y de la humedad.<\/p>\n\n\n\n<p class=\"has-vivid-red-color has-text-color\">\u00a0\u00a0\u00a0\u00a0\u00a0\u00a0\u00a0\u00a0\u00a0\u00a0\u00a0 <strong>La visita al \u00edcono patrimonial de Iquique y de la regi\u00f3n, se realiz\u00f3 en el marco de la postulaci\u00f3n de un proyecto de restauraci\u00f3n que present\u00f3 la Municipalidad de Iquique al Gobierno Regional, y que en una primera etapa, considera la entrega de recursos regionales, para financiar la etapa de dise\u00f1o del proyecto, denominado \u201cRestauraci\u00f3n Arquitect\u00f3nica y Consolidaci\u00f3n Estructural Torre del Reloj Plaza Prat Iquique\u201d, por una inversi\u00f3n superior a los 195 millones de pesos.<\/strong><\/p>\n\n\n\n<p>\u00a0\u00a0\u00a0\u00a0\u00a0\u00a0\u00a0\u00a0\u00a0\u00a0\u00a0 A la reuni\u00f3n, que se realiz\u00f3 la ma\u00f1ana de este mi\u00e9rcoles, a los pies de la propia Torre del Reloj, en la Plaza Prat, asistieron adem\u00e1s, del Presidente de la Comisi\u00f3n de Turismo, Patrimonio y Relaciones Internacionales, los consejeros regionales Rosita Torres, Claudia Hern\u00e1ndez, Solange Jim\u00e9nez, Camila Navarro, Daniela Solari, Sergio Asserella y Carlos Mancilla. En representaci\u00f3n de la Municipalidad de Iquique, en tanto, asistieron profesionales de la Oficina de Arquitectura Municipal, encabezados por Diego Rebolledo. \u00a0<\/p>\n\n\n\n<figure class=\"wp-block-image size-large\"><img loading=\"lazy\" decoding=\"async\" width=\"1024\" height=\"684\" src=\"https:\/\/coretarapaca.cl\/wp\/wp-content\/uploads\/DSC4514-1024x684.jpg\" alt=\"\" class=\"wp-image-1346\" srcset=\"https:\/\/coretarapaca.cl\/wp\/wp-content\/uploads\/DSC4514-1024x684.jpg 1024w, https:\/\/coretarapaca.cl\/wp\/wp-content\/uploads\/DSC4514-300x200.jpg 300w, https:\/\/coretarapaca.cl\/wp\/wp-content\/uploads\/DSC4514-768x513.jpg 768w, https:\/\/coretarapaca.cl\/wp\/wp-content\/uploads\/DSC4514-1536x1025.jpg 1536w, https:\/\/coretarapaca.cl\/wp\/wp-content\/uploads\/DSC4514-2048x1367.jpg 2048w\" sizes=\"auto, (max-width: 1024px) 100vw, 1024px\" \/><\/figure>\n\n\n\n<p>&nbsp;&nbsp;&nbsp;&nbsp;&nbsp;&nbsp;&nbsp;&nbsp;&nbsp;&nbsp;&nbsp; Durante la reuni\u00f3n, el Presidente de la Comisi\u00f3n, Iv\u00e1n P\u00e9rez, aclar\u00f3 que luego de constatar el actual estado del monumento, y la urgencia de implementar un proyecto serio de conservaci\u00f3n de la estructura, es necesario que la Municipalidad de Iquique y el Gobierno Regional, definan en conjunto, un mecanismo expedito y transparente, que permita definir el tipo en entidad t\u00e9cnica, que deber\u00e1 asumir la restauraci\u00f3n arquitect\u00f3nica y estructural del centenario inmueble.<\/p>\n\n\n\n<p>\u00a0\u00a0\u00a0\u00a0\u00a0\u00a0\u00a0\u00a0\u00a0\u00a0\u00a0 Para ello, en esta primera etapa de dise\u00f1o, se contempla que la entidad a la cual se le asignen los trabajos, elabore un diagn\u00f3stico estructural, un plan de manejo e instructivos de intervenci\u00f3n, y un proyecto de ingenier\u00eda y especialidades, de instalaciones el\u00e9ctricas, de evacuaci\u00f3n de aguas lluvias, de climatizaci\u00f3n interna, adem\u00e1s de un sistema de seguridad contra incendios, entre otros.<\/p>\n\n\n\n<figure class=\"wp-block-image size-large\"><img loading=\"lazy\" decoding=\"async\" width=\"1024\" height=\"680\" src=\"https:\/\/coretarapaca.cl\/wp\/wp-content\/uploads\/DSC4518-1024x680.jpg\" alt=\"\" class=\"wp-image-1347\" srcset=\"https:\/\/coretarapaca.cl\/wp\/wp-content\/uploads\/DSC4518-1024x680.jpg 1024w, https:\/\/coretarapaca.cl\/wp\/wp-content\/uploads\/DSC4518-300x199.jpg 300w, https:\/\/coretarapaca.cl\/wp\/wp-content\/uploads\/DSC4518-768x510.jpg 768w, https:\/\/coretarapaca.cl\/wp\/wp-content\/uploads\/DSC4518.jpg 1051w\" sizes=\"auto, (max-width: 1024px) 100vw, 1024px\" \/><\/figure>\n","protected":false},"excerpt":{"rendered":"<p>IMI solicita al GORE que financie estudio de dise\u00f1o del proyecto de restauraci\u00f3n. Los integrantes de la Comisi\u00f3n de Turismo, Patrimonio y Relaciones Internacionales del Consejo Regional de Tarapac\u00e1, que preside el consejero Iv\u00e1n P\u00e9rez, realizaron una visita inspectiva a la Torre del Reloj de la Plaza Prat, para constatar la actual situaci\u00f3n de la [&hellip;]<\/p>\n","protected":false},"author":3,"featured_media":1345,"comment_status":"closed","ping_status":"open","sticky":false,"template":"","format":"standard","meta":{"_mi_skip_tracking":false,"footnotes":""},"categories":[88],"tags":[],"class_list":["post-1344","post","type-post","status-publish","format-standard","has-post-thumbnail","hentry","category-turismo-y-relaciones-internacionales"],"_links":{"self":[{"href":"https:\/\/coretarapaca.cl\/wp\/index.php?rest_route=\/wp\/v2\/posts\/1344","targetHints":{"allow":["GET"]}}],"collection":[{"href":"https:\/\/coretarapaca.cl\/wp\/index.php?rest_route=\/wp\/v2\/posts"}],"about":[{"href":"https:\/\/coretarapaca.cl\/wp\/index.php?rest_route=\/wp\/v2\/types\/post"}],"author":[{"embeddable":true,"href":"https:\/\/coretarapaca.cl\/wp\/index.php?rest_route=\/wp\/v2\/users\/3"}],"replies":[{"embeddable":true,"href":"https:\/\/coretarapaca.cl\/wp\/index.php?rest_route=%2Fwp%2Fv2%2Fcomments&post=1344"}],"version-history":[{"count":2,"href":"https:\/\/coretarapaca.cl\/wp\/index.php?rest_route=\/wp\/v2\/posts\/1344\/revisions"}],"predecessor-version":[{"id":1349,"href":"https:\/\/coretarapaca.cl\/wp\/index.php?rest_route=\/wp\/v2\/posts\/1344\/revisions\/1349"}],"wp:featuredmedia":[{"embeddable":true,"href":"https:\/\/coretarapaca.cl\/wp\/index.php?rest_route=\/wp\/v2\/media\/1345"}],"wp:attachment":[{"href":"https:\/\/coretarapaca.cl\/wp\/index.php?rest_route=%2Fwp%2Fv2%2Fmedia&parent=1344"}],"wp:term":[{"taxonomy":"category","embeddable":true,"href":"https:\/\/coretarapaca.cl\/wp\/index.php?rest_route=%2Fwp%2Fv2%2Fcategories&post=1344"},{"taxonomy":"post_tag","embeddable":true,"href":"https:\/\/coretarapaca.cl\/wp\/index.php?rest_route=%2Fwp%2Fv2%2Ftags&post=1344"}],"curies":[{"name":"wp","href":"https:\/\/api.w.org\/{rel}","templated":true}]}}