{"id":1396,"date":"2022-09-02T12:17:08","date_gmt":"2022-09-02T15:17:08","guid":{"rendered":"https:\/\/coretarapaca.cl\/wp\/?p=1396"},"modified":"2025-06-16T12:10:26","modified_gmt":"2025-06-16T16:10:26","slug":"gobernador-regional-entrego-2-074-millones-al-servicio-de-salud-de-iquique-para-disminuir-la-lista-de-espera-por-atenciones-quirurgicas-en-hospital","status":"publish","type":"post","link":"https:\/\/coretarapaca.cl\/wp\/?p=1396","title":{"rendered":"GOBERNADOR REGIONAL ENTREGO $2.074 MILLONES AL SERVICIO DE SALUD DE IQUIQUE, PARA DISMINUIR LA LISTA DE ESPERA POR ATENCIONES QUIRURGICAS EN HOSPITAL."},"content":{"rendered":"\n<p class=\"has-medium-font-size\">Entrega de recursos fue aprobada por el Consejo Regional de Tarapac\u00e1.<\/p>\n\n\n\n<p>&nbsp;&nbsp;&nbsp;&nbsp;&nbsp;&nbsp;&nbsp;&nbsp;&nbsp;&nbsp;&nbsp; El Gobernador Regional de Tarapac\u00e1 Jos\u00e9 Miguel Carvajal entreg\u00f3 al Servicio de Salud de Iquique, una partida de 2.074 millones de pesos para contribuir a la disminuci\u00f3n de las listas de espera de atenciones quir\u00fargicas, que actualmente mantiene el Hospital Regional. Los recursos, que provienen de fondos regionales y que fueron aprobados por el Consejo Regional de Tarapac\u00e1, beneficiar\u00e1n directamente a m\u00e1s de 700 pacientes de la regi\u00f3n.<\/p>\n\n\n\n<p>&nbsp;&nbsp;&nbsp;&nbsp;&nbsp;&nbsp;&nbsp;&nbsp;&nbsp;&nbsp;&nbsp; La ceremonia de entrega simb\u00f3lica de los aportes del Gobierno Regional de Tarapac\u00e1, se realiz\u00f3 en el frontis del principal centro m\u00e9dico de la regi\u00f3n, en un sector ubicado a un costado del Museo del Hospital Regional, y a ella asisti\u00f3 adem\u00e1s del Gobernador Regional, el consejero Carlos Mancilla, en representaci\u00f3n del Consejo Regional de Tarapac\u00e1.<\/p>\n\n\n\n<p>&nbsp;&nbsp;&nbsp;&nbsp;&nbsp;&nbsp;&nbsp;&nbsp;&nbsp;&nbsp;&nbsp; Tambi\u00e9n estuvieron presentes en la ceremonia, la SEREMI de Gobierno Alejandra Ceballos, el SEREMI de Salud David Valle, el Director subrogante del Servicio de Salud de Iquique H\u00e9ctor Alarc\u00f3n, y la Directora subrogante del Hospital Regional de Iquique Aurora Campos, entre otras autoridades.<\/p>\n\n\n\n<p class=\"has-vivid-red-color has-text-color\">\u00a0\u00a0\u00a0\u00a0\u00a0\u00a0\u00a0\u00a0\u00a0\u00a0\u00a0 <strong>El aporte entregado por la primera autoridad regional para contribuir a la disminuci\u00f3n de las listas de espera del Hospital Regional, alcanza los 2.074 millones 209 mil pesos, y provienen \u00edntegramente de recursos F.N.D.R. provistos por el Gobierno Regional y aprobados por el Consejo Regional de Tarapac\u00e1. Se trata de la \u00faltima partida de un monto total de 5.009 millones de pesos, que el GORE ha aportado a este \u00edtem, entre los a\u00f1os 2020 y 2022.<\/strong><\/p>\n\n\n\n<figure class=\"wp-block-image size-large\"><img loading=\"lazy\" decoding=\"async\" width=\"1024\" height=\"684\" src=\"https:\/\/coretarapaca.cl\/wp\/wp-content\/uploads\/DSC5605-1024x684.jpg\" alt=\"\" class=\"wp-image-1397\" srcset=\"https:\/\/coretarapaca.cl\/wp\/wp-content\/uploads\/DSC5605-1024x684.jpg 1024w, https:\/\/coretarapaca.cl\/wp\/wp-content\/uploads\/DSC5605-300x200.jpg 300w, https:\/\/coretarapaca.cl\/wp\/wp-content\/uploads\/DSC5605-768x513.jpg 768w, https:\/\/coretarapaca.cl\/wp\/wp-content\/uploads\/DSC5605-1536x1025.jpg 1536w, https:\/\/coretarapaca.cl\/wp\/wp-content\/uploads\/DSC5605-2048x1367.jpg 2048w\" sizes=\"auto, (max-width: 1024px) 100vw, 1024px\" \/><\/figure>\n\n\n\n<p>&nbsp;&nbsp;&nbsp;&nbsp;&nbsp;&nbsp;&nbsp;&nbsp;&nbsp;&nbsp;&nbsp; Seg\u00fan la autoridad sanitaria, con los recursos suministrados se priorizar\u00e1n a las atenciones quir\u00fargicas para los pacientes m\u00e1s antiguos, que figuran en las listas de espera que mantiene el Hospital Regional, y que esperan por intervenciones m\u00e9dicas desde hace varios a\u00f1os.<\/p>\n\n\n\n<p>&nbsp;&nbsp;&nbsp;&nbsp;&nbsp;&nbsp;&nbsp;&nbsp;&nbsp;&nbsp;&nbsp; Algunas de las prestaciones que se podr\u00e1n realizar con el aporte entregado por el Gobierno Regional, adem\u00e1s de las intervenciones quir\u00fargicas postergadas, son el arriendo de quir\u00f3fanos en el sistema privado de salud, la adquisici\u00f3n de equipos m\u00e9dicos especializados, la realizaci\u00f3n de operativos espec\u00edficos durante los fines de semana, y el traslado de pacientes a otras regiones para intervenciones quir\u00fargicas, entre otras.<\/p>\n\n\n\n<figure class=\"wp-block-image size-large\"><img loading=\"lazy\" decoding=\"async\" width=\"1024\" height=\"684\" src=\"https:\/\/coretarapaca.cl\/wp\/wp-content\/uploads\/DSC5579-1024x684.jpg\" alt=\"\" class=\"wp-image-1399\" srcset=\"https:\/\/coretarapaca.cl\/wp\/wp-content\/uploads\/DSC5579-1024x684.jpg 1024w, https:\/\/coretarapaca.cl\/wp\/wp-content\/uploads\/DSC5579-300x200.jpg 300w, https:\/\/coretarapaca.cl\/wp\/wp-content\/uploads\/DSC5579-768x513.jpg 768w, https:\/\/coretarapaca.cl\/wp\/wp-content\/uploads\/DSC5579-1536x1025.jpg 1536w, https:\/\/coretarapaca.cl\/wp\/wp-content\/uploads\/DSC5579-2048x1367.jpg 2048w\" sizes=\"auto, (max-width: 1024px) 100vw, 1024px\" \/><\/figure>\n\n\n\n<figure class=\"wp-block-image size-large\"><img loading=\"lazy\" decoding=\"async\" width=\"1024\" height=\"684\" src=\"https:\/\/coretarapaca.cl\/wp\/wp-content\/uploads\/DSC5686-1024x684.jpg\" alt=\"\" class=\"wp-image-1400\" srcset=\"https:\/\/coretarapaca.cl\/wp\/wp-content\/uploads\/DSC5686-1024x684.jpg 1024w, https:\/\/coretarapaca.cl\/wp\/wp-content\/uploads\/DSC5686-300x200.jpg 300w, https:\/\/coretarapaca.cl\/wp\/wp-content\/uploads\/DSC5686-768x513.jpg 768w, https:\/\/coretarapaca.cl\/wp\/wp-content\/uploads\/DSC5686-1536x1025.jpg 1536w, https:\/\/coretarapaca.cl\/wp\/wp-content\/uploads\/DSC5686-2048x1367.jpg 2048w\" sizes=\"auto, (max-width: 1024px) 100vw, 1024px\" \/><\/figure>\n\n\n\n<figure class=\"wp-block-image size-large\"><img loading=\"lazy\" decoding=\"async\" width=\"1024\" height=\"684\" src=\"https:\/\/coretarapaca.cl\/wp\/wp-content\/uploads\/DSC5669-1024x684.jpg\" alt=\"\" class=\"wp-image-1401\" srcset=\"https:\/\/coretarapaca.cl\/wp\/wp-content\/uploads\/DSC5669-1024x684.jpg 1024w, https:\/\/coretarapaca.cl\/wp\/wp-content\/uploads\/DSC5669-300x200.jpg 300w, https:\/\/coretarapaca.cl\/wp\/wp-content\/uploads\/DSC5669-768x513.jpg 768w, https:\/\/coretarapaca.cl\/wp\/wp-content\/uploads\/DSC5669-1536x1025.jpg 1536w, https:\/\/coretarapaca.cl\/wp\/wp-content\/uploads\/DSC5669-2048x1367.jpg 2048w\" sizes=\"auto, (max-width: 1024px) 100vw, 1024px\" \/><\/figure>\n","protected":false},"excerpt":{"rendered":"<p>Entrega de recursos fue aprobada por el Consejo Regional de Tarapac\u00e1. &nbsp;&nbsp;&nbsp;&nbsp;&nbsp;&nbsp;&nbsp;&nbsp;&nbsp;&nbsp;&nbsp; El Gobernador Regional de Tarapac\u00e1 Jos\u00e9 Miguel Carvajal entreg\u00f3 al Servicio de Salud de Iquique, una partida de 2.074 millones de pesos para contribuir a la disminuci\u00f3n de las listas de espera de atenciones quir\u00fargicas, que actualmente mantiene el Hospital Regional. Los recursos, [&hellip;]<\/p>\n","protected":false},"author":3,"featured_media":1398,"comment_status":"closed","ping_status":"open","sticky":false,"template":"","format":"standard","meta":{"_mi_skip_tracking":false,"footnotes":""},"categories":[86],"tags":[],"class_list":["post-1396","post","type-post","status-publish","format-standard","has-post-thumbnail","hentry","category-salud"],"_links":{"self":[{"href":"https:\/\/coretarapaca.cl\/wp\/index.php?rest_route=\/wp\/v2\/posts\/1396","targetHints":{"allow":["GET"]}}],"collection":[{"href":"https:\/\/coretarapaca.cl\/wp\/index.php?rest_route=\/wp\/v2\/posts"}],"about":[{"href":"https:\/\/coretarapaca.cl\/wp\/index.php?rest_route=\/wp\/v2\/types\/post"}],"author":[{"embeddable":true,"href":"https:\/\/coretarapaca.cl\/wp\/index.php?rest_route=\/wp\/v2\/users\/3"}],"replies":[{"embeddable":true,"href":"https:\/\/coretarapaca.cl\/wp\/index.php?rest_route=%2Fwp%2Fv2%2Fcomments&post=1396"}],"version-history":[{"count":4,"href":"https:\/\/coretarapaca.cl\/wp\/index.php?rest_route=\/wp\/v2\/posts\/1396\/revisions"}],"predecessor-version":[{"id":1405,"href":"https:\/\/coretarapaca.cl\/wp\/index.php?rest_route=\/wp\/v2\/posts\/1396\/revisions\/1405"}],"wp:featuredmedia":[{"embeddable":true,"href":"https:\/\/coretarapaca.cl\/wp\/index.php?rest_route=\/wp\/v2\/media\/1398"}],"wp:attachment":[{"href":"https:\/\/coretarapaca.cl\/wp\/index.php?rest_route=%2Fwp%2Fv2%2Fmedia&parent=1396"}],"wp:term":[{"taxonomy":"category","embeddable":true,"href":"https:\/\/coretarapaca.cl\/wp\/index.php?rest_route=%2Fwp%2Fv2%2Fcategories&post=1396"},{"taxonomy":"post_tag","embeddable":true,"href":"https:\/\/coretarapaca.cl\/wp\/index.php?rest_route=%2Fwp%2Fv2%2Ftags&post=1396"}],"curies":[{"name":"wp","href":"https:\/\/api.w.org\/{rel}","templated":true}]}}