{"id":1420,"date":"2022-09-09T11:12:18","date_gmt":"2022-09-09T14:12:18","guid":{"rendered":"https:\/\/coretarapaca.cl\/wp\/?p=1420"},"modified":"2025-06-16T12:10:26","modified_gmt":"2025-06-16T16:10:26","slug":"comision-de-arte-cultura-y-educacion-del-core-acordo-recomendar-al-pleno-la-suplementacion-de-recursos-para-implementar-proyecto-de-reposicion-del-centro-cultural-de-alto-hospicio","status":"publish","type":"post","link":"https:\/\/coretarapaca.cl\/wp\/?p=1420","title":{"rendered":"COMISION DE ARTE, CULTURA Y EDUCACION DEL CORE, ACORDO RECOMENDAR AL PLENO, LA SUPLEMENTACION DE RECURSOS PARA IMPLEMENTAR PROYECTO DE REPOSICION DEL CENTRO CULTURAL DE ALTO HOSPICIO"},"content":{"rendered":"\n<p class=\"has-medium-font-size\">Modificaci\u00f3n presupuestaria solicitada alcanza los 156 millones de pesos.<\/p>\n\n\n\n<p>Por unanimidad, los integrantes de la Comisi\u00f3n de Arte, Cultura y Educaci\u00f3n del Consejo Regional de Tarapac\u00e1, que preside el consejero Carlos Mancilla, acordaron recomendar al pleno del cuerpo colegiado, que sesionar\u00e1 la pr\u00f3xima semana, que apruebe la solicitud de modificaci\u00f3n y suplementaci\u00f3n del proyecto \u201cReposici\u00f3n \u00c1reas Da\u00f1ada Centro Cultural, Alto Hospicio\u201d, que considera un aumento del presupuesto inicial asignado, del orden de los 156 millones 269 mil pesos.<\/p>\n\n\n\n<p>Los recursos readecuados, que provienen en un 60 por ciento de fondos SUBDERE, y en un 40 por ciento de fondos regionales, corresponden a una nueva reevaluaci\u00f3n, motivada por el alza de los precios de los materiales producida luego de la pandemia, por el aumento de los da\u00f1os que sufri\u00f3 el inmueble producto del terremoto del 2014 y de las sucesivas lluvias estivales, y por la necesidad de financiar la normalizaci\u00f3n del sistema el\u00e9ctrico debido al cambio de la normativa respectiva, entre otros motivos.<\/p>\n\n\n\n<p>La propuesta de suplementaci\u00f3n fue presentada ante la Comisi\u00f3n, por el Jefe de Proyectos de la Municipalidad de Alto Hospicio, Alexis Zenteno, y fue revisada y apoyada por los consejeros Camila Navarro, Rosita Torres, Daniela Solari, Sergio Asserella, Luis Carvajal, Freddy Araneda, Claudia Hern\u00e1ndez, Luis Milla, Solange Jim\u00e9nez, y por el presidente de la Comisi\u00f3n de Arte, Cultura y Patrimonio, Carlos Mancilla.<\/p>\n\n\n\n<p class=\"has-vivid-red-color has-text-color\"><strong>En lo que respecta al proyecto presentado por la Municipalidad de Alto Hospicio, este consiste espec\u00edficamente en la reposici\u00f3n de las \u00e1reas da\u00f1adas del Centro Cultural. El edificio presenta actualmente, desperfectos en \u00e1reas como el revestimiento de la techumbre, y adem\u00e1s evidencia desprendimientos y separaciones en las cubiertas de las planchas de zincalum, producto de los sismos de abril del a\u00f1o 2014.<\/strong><\/p>\n\n\n\n<p>La estructura tambi\u00e9n tiene filtraciones de agua en distintos puntos, que producen escurrimientos por las paredes internas del recinto, las que a su vez, da\u00f1aron el cielo raso y las dependencias interiores del edificio.<\/p>\n\n\n\n<p>Producto de lo expuesto anteriormente, este proyecto ha sufrido modificaciones y actualizaciones con respecto al su presupuesto original, experimentando la incorporaci\u00f3n de nuevos \u00edtems a ejecutar. Entre estos se incluyen los cambios de cubiertas; la reparaci\u00f3n interior de los talleres del segundo piso; el acondicionamiento de la sala ac\u00fastica; la reparaci\u00f3n de los pisos de los camarines y el equipamiento de \u00e9stos; el mejoramiento del sistema de iluminaci\u00f3n; la readecuaci\u00f3n del proyecto el\u00e9ctrico para cumplir con la normativa vigente; la refacci\u00f3n de las \u00e1reas exteriores del recinto y del cierre perimetral; y la implementaci\u00f3n de obras para facilitar el acceso universal, como el recambio del elevador para discapacitados; entre otras.<\/p>\n\n\n\n<p>Todo lo anterior, y considerando adem\u00e1s, las variaciones en los precios de mercado de los insumos, hicieron necesaria implementar esta suplementaci\u00f3n del proyecto de \u201cReposici\u00f3n de las \u00c1reas Da\u00f1adas del Centro Cultural de Alto Hospicio\u201d, que present\u00f3 el municipio de dicha comuna, y que considera una modificaci\u00f3n presupuestaria superior a los 156 millones de pesos.<\/p>\n\n\n\n<figure class=\"wp-block-image size-large\"><img loading=\"lazy\" decoding=\"async\" width=\"1024\" height=\"684\" src=\"https:\/\/coretarapaca.cl\/wp\/wp-content\/uploads\/DSC6817-1024x684.jpg\" alt=\"\" class=\"wp-image-1422\" srcset=\"https:\/\/coretarapaca.cl\/wp\/wp-content\/uploads\/DSC6817-1024x684.jpg 1024w, https:\/\/coretarapaca.cl\/wp\/wp-content\/uploads\/DSC6817-300x200.jpg 300w, https:\/\/coretarapaca.cl\/wp\/wp-content\/uploads\/DSC6817-768x513.jpg 768w, https:\/\/coretarapaca.cl\/wp\/wp-content\/uploads\/DSC6817-1536x1025.jpg 1536w, https:\/\/coretarapaca.cl\/wp\/wp-content\/uploads\/DSC6817-2048x1367.jpg 2048w\" sizes=\"auto, (max-width: 1024px) 100vw, 1024px\" \/><\/figure>\n","protected":false},"excerpt":{"rendered":"<p>Modificaci\u00f3n presupuestaria solicitada alcanza los 156 millones de pesos. Por unanimidad, los integrantes de la Comisi\u00f3n de Arte, Cultura y Educaci\u00f3n del Consejo Regional de Tarapac\u00e1, que preside el consejero Carlos Mancilla, acordaron recomendar al pleno del cuerpo colegiado, que sesionar\u00e1 la pr\u00f3xima semana, que apruebe la solicitud de modificaci\u00f3n y suplementaci\u00f3n del proyecto \u201cReposici\u00f3n [&hellip;]<\/p>\n","protected":false},"author":3,"featured_media":1423,"comment_status":"closed","ping_status":"open","sticky":false,"template":"","format":"standard","meta":{"_mi_skip_tracking":false,"footnotes":""},"categories":[80],"tags":[],"class_list":["post-1420","post","type-post","status-publish","format-standard","has-post-thumbnail","hentry","category-arte-cultura-patrimonio-y-educacion"],"_links":{"self":[{"href":"https:\/\/coretarapaca.cl\/wp\/index.php?rest_route=\/wp\/v2\/posts\/1420","targetHints":{"allow":["GET"]}}],"collection":[{"href":"https:\/\/coretarapaca.cl\/wp\/index.php?rest_route=\/wp\/v2\/posts"}],"about":[{"href":"https:\/\/coretarapaca.cl\/wp\/index.php?rest_route=\/wp\/v2\/types\/post"}],"author":[{"embeddable":true,"href":"https:\/\/coretarapaca.cl\/wp\/index.php?rest_route=\/wp\/v2\/users\/3"}],"replies":[{"embeddable":true,"href":"https:\/\/coretarapaca.cl\/wp\/index.php?rest_route=%2Fwp%2Fv2%2Fcomments&post=1420"}],"version-history":[{"count":1,"href":"https:\/\/coretarapaca.cl\/wp\/index.php?rest_route=\/wp\/v2\/posts\/1420\/revisions"}],"predecessor-version":[{"id":1424,"href":"https:\/\/coretarapaca.cl\/wp\/index.php?rest_route=\/wp\/v2\/posts\/1420\/revisions\/1424"}],"wp:featuredmedia":[{"embeddable":true,"href":"https:\/\/coretarapaca.cl\/wp\/index.php?rest_route=\/wp\/v2\/media\/1423"}],"wp:attachment":[{"href":"https:\/\/coretarapaca.cl\/wp\/index.php?rest_route=%2Fwp%2Fv2%2Fmedia&parent=1420"}],"wp:term":[{"taxonomy":"category","embeddable":true,"href":"https:\/\/coretarapaca.cl\/wp\/index.php?rest_route=%2Fwp%2Fv2%2Fcategories&post=1420"},{"taxonomy":"post_tag","embeddable":true,"href":"https:\/\/coretarapaca.cl\/wp\/index.php?rest_route=%2Fwp%2Fv2%2Ftags&post=1420"}],"curies":[{"name":"wp","href":"https:\/\/api.w.org\/{rel}","templated":true}]}}