{"id":1450,"date":"2022-09-27T15:54:49","date_gmt":"2022-09-27T18:54:49","guid":{"rendered":"https:\/\/coretarapaca.cl\/wp\/?p=1450"},"modified":"2025-06-16T12:10:26","modified_gmt":"2025-06-16T16:10:26","slug":"comision-conjunta-del-core-de-tarapaca-sesiono-en-las-caletas-de-san-marcos-y-chanavayita-para-escuchar-y-buscar-soluciones-concretas-a-problemas-que-enfrentan-vecinos-del-litoral-sur","status":"publish","type":"post","link":"https:\/\/coretarapaca.cl\/wp\/?p=1450","title":{"rendered":"COMISION CONJUNTA DEL CORE DE TARAPACA SESIONO EN LAS CALETAS DE SAN MARCOS Y CHANAVAYITA, PARA ESCUCHAR Y BUSCAR SOLUCIONES CONCRETAS A PROBLEMAS QUE ENFRENTAN VECINOS DEL LITORAL SUR"},"content":{"rendered":"\n<p class=\"has-medium-font-size\">Comisi\u00f3n Conjunta del CORE sesion\u00f3 en terreno en caletas del borde costero.<\/p>\n\n\n\n<p>En las caletas de San Marcos y de Chanavayita, sesion\u00f3 la Comisi\u00f3n Conjunta de Desarrollo y Afianzamiento de la Identidad Rural, de Infraestructura, Inversi\u00f3n y Presupuesto, de Salud, de Vivienda, Desarrollo Urbano y Ordenamiento Territorial, y de Desarrollo y Equidad Social del Consejo Regional de Tarapac\u00e1.<\/p>\n\n\n\n<p>Las sesiones en terreno que realizaron los consejeros regionales tuvieron como objetivo, escuchar las demandas de los vecinos de las caletas del litoral sur, relativos a la seguridad p\u00fablica y la prevenci\u00f3n de delitos, a problemas en la atenci\u00f3n oportuna de urgencias m\u00e9dicas, a la demora en la ejecuci\u00f3n de las obras de infraestructura sanitaria, y al estado de avance de distintas iniciativas de desarrollo.<\/p>\n\n\n\n<p class=\"has-vivid-red-color has-text-color\"><strong>Participaron en estas sesiones de la Comisi\u00f3n Conjunta del CORE de Tarapac\u00e1, los consejeros regionales Rosita Torres, Luis Milla, Claudia Hern\u00e1ndez, Freddy Araneda, Camila Navarro, Abraham D\u00edaz, Daniela Solari, Luis Carvajal, Solange Jim\u00e9nez y Carlos Mancilla, adem\u00e1s de representantes de distintos servicios p\u00fablicos, de Carabineros y de la Municipalidad de Iquique.<\/strong><\/p>\n\n\n\n<figure class=\"wp-block-image size-large\"><img loading=\"lazy\" decoding=\"async\" width=\"1024\" height=\"684\" src=\"https:\/\/coretarapaca.cl\/wp\/wp-content\/uploads\/DSC8156-1024x684.jpg\" alt=\"\" class=\"wp-image-1451\" srcset=\"https:\/\/coretarapaca.cl\/wp\/wp-content\/uploads\/DSC8156-1024x684.jpg 1024w, https:\/\/coretarapaca.cl\/wp\/wp-content\/uploads\/DSC8156-300x200.jpg 300w, https:\/\/coretarapaca.cl\/wp\/wp-content\/uploads\/DSC8156-768x513.jpg 768w, https:\/\/coretarapaca.cl\/wp\/wp-content\/uploads\/DSC8156-1536x1025.jpg 1536w, https:\/\/coretarapaca.cl\/wp\/wp-content\/uploads\/DSC8156-2048x1367.jpg 2048w\" sizes=\"auto, (max-width: 1024px) 100vw, 1024px\" \/><\/figure>\n\n\n\n<p>En primer t\u00e9rmino, los integrantes de la Comisi\u00f3n Conjunta, se trasladaron a la Caleta San Marcos, donde sesionaron en dependencias del colegio de la localidad. A esta sesi\u00f3n asistieron adem\u00e1s, dirigentes vecinales y de organizaciones sindicales de las caletas de R\u00edo Seco, Chipana, Chanavaya y San Marcos. Tambi\u00e9n estuvieron presentes funcionarios de distintos servicios p\u00fablicos, de la Municipalidad de Iquique, del Servicio de Salud de Iquique y de Carabineros de Chile.<\/p>\n\n\n\n<p>Los temas tratados durante la primera parte de la extensa sesi\u00f3n en terreno, correspondieron a iniciativas de desarrollo comunitario; a proyectos como los APR y de alcantarillado relativos a infraestructura sanitaria; a propuestas para mejorar la seguridad p\u00fablica en el borde costero; a proyectos de vivienda social; a iniciativas para el fomento y explotaci\u00f3n de los recursos pesqueros; a proyectos para fortalecer la conectividad de las caletas, y al mejoramiento de la infraestructura de las postas rurales, entre otras iniciativas.<\/p>\n\n\n\n<p>Posteriormente, y en horas de la tarde, la Comisi\u00f3n Conjunta se traslad\u00f3 a Chanavayita, donde se reuni\u00f3 con representantes y dirigentes vecinales y sociales del balneario y de la caleta Caramucho.<\/p>\n\n\n\n<p>Esta segunda sesi\u00f3n de la comisi\u00f3n, que fue presidida por la consejera Rosita Torres, trat\u00f3 junto a dirigentes vecinales y representantes de los servicios p\u00fablicos, temas como el avance real de los proyectos de infraestructura que se implementan en ambas caletas; la situaci\u00f3n actual de los planes de conexi\u00f3n domiciliaria al alcantarillado y a la red de agua potable de Chanavayita; los planes de edificaci\u00f3n de viviendas sociales en el sector; la necesidad de aumentar la dotaci\u00f3n policial, de fortalecer las labores de prevenci\u00f3n y de aumentar la vigilancia en el borde costero; la urgencia de mejorar la infraestructura de la posta rural del balneario; y la implementaci\u00f3n de iniciativas de fomento en el \u00e1mbito pesca artesanal, entre otras iniciativas.<\/p>\n\n\n\n<p>La mayor\u00eda de los temas tratados durante la sesi\u00f3n de la Comisi\u00f3n Conjunta, deriv\u00f3 en que los consejeros regionales solicitaran diversos oficios a distintos servicios p\u00fablicos, los cuales deber\u00e1n ser ratificados en la sesi\u00f3n plenaria del cuerpo colegiado, que se celebrar\u00e1 este mi\u00e9rcoles 28 de septiembre, y que apuntan a mejorar la fiscalizaci\u00f3n respecto a la ejecuci\u00f3n de proyectos de desarrollo e infraestructura, que se implementan actualmente en las distintas caletas del litoral sur.<\/p>\n\n\n\n<figure class=\"wp-block-image size-large\"><img loading=\"lazy\" decoding=\"async\" width=\"1024\" height=\"649\" src=\"https:\/\/coretarapaca.cl\/wp\/wp-content\/uploads\/DSC8101-1024x649.jpg\" alt=\"\" class=\"wp-image-1453\" srcset=\"https:\/\/coretarapaca.cl\/wp\/wp-content\/uploads\/DSC8101-1024x649.jpg 1024w, https:\/\/coretarapaca.cl\/wp\/wp-content\/uploads\/DSC8101-300x190.jpg 300w, https:\/\/coretarapaca.cl\/wp\/wp-content\/uploads\/DSC8101-768x487.jpg 768w, https:\/\/coretarapaca.cl\/wp\/wp-content\/uploads\/DSC8101-1536x973.jpg 1536w, https:\/\/coretarapaca.cl\/wp\/wp-content\/uploads\/DSC8101-2048x1298.jpg 2048w\" sizes=\"auto, (max-width: 1024px) 100vw, 1024px\" \/><\/figure>\n\n\n\n<figure class=\"wp-block-image size-large\"><img loading=\"lazy\" decoding=\"async\" width=\"1024\" height=\"683\" src=\"https:\/\/coretarapaca.cl\/wp\/wp-content\/uploads\/DSC8186-1-1024x683.jpg\" alt=\"\" class=\"wp-image-1454\" srcset=\"https:\/\/coretarapaca.cl\/wp\/wp-content\/uploads\/DSC8186-1-1024x683.jpg 1024w, https:\/\/coretarapaca.cl\/wp\/wp-content\/uploads\/DSC8186-1-300x200.jpg 300w, https:\/\/coretarapaca.cl\/wp\/wp-content\/uploads\/DSC8186-1-768x513.jpg 768w, https:\/\/coretarapaca.cl\/wp\/wp-content\/uploads\/DSC8186-1-1536x1025.jpg 1536w, https:\/\/coretarapaca.cl\/wp\/wp-content\/uploads\/DSC8186-1-2048x1367.jpg 2048w\" sizes=\"auto, (max-width: 1024px) 100vw, 1024px\" \/><\/figure>\n","protected":false},"excerpt":{"rendered":"<p>Comisi\u00f3n Conjunta del CORE sesion\u00f3 en terreno en caletas del borde costero. En las caletas de San Marcos y de Chanavayita, sesion\u00f3 la Comisi\u00f3n Conjunta de Desarrollo y Afianzamiento de la Identidad Rural, de Infraestructura, Inversi\u00f3n y Presupuesto, de Salud, de Vivienda, Desarrollo Urbano y Ordenamiento Territorial, y de Desarrollo y Equidad Social del Consejo [&hellip;]<\/p>\n","protected":false},"author":3,"featured_media":1456,"comment_status":"closed","ping_status":"open","sticky":false,"template":"","format":"standard","meta":{"_mi_skip_tracking":false,"footnotes":""},"categories":[97],"tags":[],"class_list":["post-1450","post","type-post","status-publish","format-standard","has-post-thumbnail","hentry","category-consejo-regional-de-tarapaca"],"_links":{"self":[{"href":"https:\/\/coretarapaca.cl\/wp\/index.php?rest_route=\/wp\/v2\/posts\/1450","targetHints":{"allow":["GET"]}}],"collection":[{"href":"https:\/\/coretarapaca.cl\/wp\/index.php?rest_route=\/wp\/v2\/posts"}],"about":[{"href":"https:\/\/coretarapaca.cl\/wp\/index.php?rest_route=\/wp\/v2\/types\/post"}],"author":[{"embeddable":true,"href":"https:\/\/coretarapaca.cl\/wp\/index.php?rest_route=\/wp\/v2\/users\/3"}],"replies":[{"embeddable":true,"href":"https:\/\/coretarapaca.cl\/wp\/index.php?rest_route=%2Fwp%2Fv2%2Fcomments&post=1450"}],"version-history":[{"count":1,"href":"https:\/\/coretarapaca.cl\/wp\/index.php?rest_route=\/wp\/v2\/posts\/1450\/revisions"}],"predecessor-version":[{"id":1455,"href":"https:\/\/coretarapaca.cl\/wp\/index.php?rest_route=\/wp\/v2\/posts\/1450\/revisions\/1455"}],"wp:featuredmedia":[{"embeddable":true,"href":"https:\/\/coretarapaca.cl\/wp\/index.php?rest_route=\/wp\/v2\/media\/1456"}],"wp:attachment":[{"href":"https:\/\/coretarapaca.cl\/wp\/index.php?rest_route=%2Fwp%2Fv2%2Fmedia&parent=1450"}],"wp:term":[{"taxonomy":"category","embeddable":true,"href":"https:\/\/coretarapaca.cl\/wp\/index.php?rest_route=%2Fwp%2Fv2%2Fcategories&post=1450"},{"taxonomy":"post_tag","embeddable":true,"href":"https:\/\/coretarapaca.cl\/wp\/index.php?rest_route=%2Fwp%2Fv2%2Ftags&post=1450"}],"curies":[{"name":"wp","href":"https:\/\/api.w.org\/{rel}","templated":true}]}}