{"id":1483,"date":"2022-10-18T15:52:37","date_gmt":"2022-10-18T18:52:37","guid":{"rendered":"https:\/\/coretarapaca.cl\/wp\/?p=1483"},"modified":"2025-06-16T12:10:25","modified_gmt":"2025-06-16T16:10:25","slug":"cores-convocaron-a-organismos-privados-e-instituciones-publicas-para-concordar-una-solucion-definitiva-que-evite-el-cierre-del-hogar-de-ancianos-san-vicente-de-paul","status":"publish","type":"post","link":"https:\/\/coretarapaca.cl\/wp\/?p=1483","title":{"rendered":"CORES CONVOCARON A ORGANISMOS PRIVADOS E INSTITUCIONES PUBLICAS PARA CONCORDAR UNA SOLUCION DEFINITIVA, QUE EVITE EL CIERRE DEL HOGAR DE ANCIANOS SAN VICENTE DE PAUL"},"content":{"rendered":"\n<p class=\"has-medium-font-size\">Buscar\u00e1n en conjunto, asegurar la continuidad del funcionamiento del centro.<\/p>\n\n\n\n<p>Durante la reuni\u00f3n de trabajo a la que convoc\u00f3 la Presidenta de la Comisi\u00f3n del Adulto Mayor del Consejo Regional de Tarapac\u00e1, la consejera Claudia Hern\u00e1ndez, para tratar la situaci\u00f3n del inminente cierre del Hogar San Vicente de Paul de Iquique, se acord\u00f3 buscar en conjunto con todas las partes involucradas, una soluci\u00f3n definitiva, que permita darle viabilidad a la funci\u00f3n social que cumple dicho centro, y que a la vez, asegure la continuidad de su funcionamiento.<\/p>\n\n\n\n<p>&nbsp;&nbsp;&nbsp;&nbsp;&nbsp;&nbsp;&nbsp;&nbsp;&nbsp;&nbsp;&nbsp; Junto a la Presidenta de la Comisi\u00f3n, en representaci\u00f3n del cuerpo colegiado, estuvieron presentes en la mesa, los consejeros regionales Solange Jim\u00e9nez y Luis Milla. A esta reuni\u00f3n concurrieron adem\u00e1s, gran parte de los actores relevantes, que tienen relaci\u00f3n con el funcionamiento del Hogar, incluyendo representantes de la Fundaci\u00f3n San Vicente de Paul, de la Fundaci\u00f3n Trabajo UNAP y del Obispado de Iquique, entre otras organizaciones.<\/p>\n\n\n\n<p>Adem\u00e1s, estuvieron presentes el SEREMI de Salud David Valle, el SEREMI de Desarrollo Social Cristi\u00e1n Jara, la Coordinadora Regional del SENAMA Sonia G\u00f3mez, y el Director Regional subrogante del SERVIU H\u00e9ctor Asmoru, entre otras autoridades.<\/p>\n\n\n\n<p class=\"has-vivid-red-color has-text-color\">\u00a0\u00a0\u00a0\u00a0\u00a0\u00a0\u00a0\u00a0\u00a0\u00a0\u00a0<strong> Tambi\u00e9n, estuvieron presentes en la reuni\u00f3n, representantes de los apoderados de los adultos mayores que viven en el Hogar, quienes han manifestado su preocupaci\u00f3n por el anunciado cierre del centro, programado en primera instancia, para el 30 de noviembre pr\u00f3ximo.<\/strong><\/p>\n\n\n\n<figure class=\"wp-block-image size-large\"><img loading=\"lazy\" decoding=\"async\" width=\"1024\" height=\"684\" src=\"https:\/\/coretarapaca.cl\/wp\/wp-content\/uploads\/DSC2444-1024x684.jpg\" alt=\"\" class=\"wp-image-1484\" srcset=\"https:\/\/coretarapaca.cl\/wp\/wp-content\/uploads\/DSC2444-1024x684.jpg 1024w, https:\/\/coretarapaca.cl\/wp\/wp-content\/uploads\/DSC2444-300x200.jpg 300w, https:\/\/coretarapaca.cl\/wp\/wp-content\/uploads\/DSC2444-768x513.jpg 768w, https:\/\/coretarapaca.cl\/wp\/wp-content\/uploads\/DSC2444-1536x1025.jpg 1536w, https:\/\/coretarapaca.cl\/wp\/wp-content\/uploads\/DSC2444-2048x1367.jpg 2048w\" sizes=\"auto, (max-width: 1024px) 100vw, 1024px\" \/><\/figure>\n\n\n\n<p>&nbsp;&nbsp;&nbsp;&nbsp;&nbsp;&nbsp;&nbsp;&nbsp;&nbsp;&nbsp;&nbsp; Uno de los acuerdos alcanzados durante la reuni\u00f3n, fue encomendar a la SEREMI de Desarrollo Social, realizar un catastro con los requerimientos que exige el funcionamiento del Hogar San Vicente de Paul, a fin de que el futuro organismo que se haga cargo del centro, pueda contar desde ahora, con un estimativo de los costos de su mantenci\u00f3n mensual.<\/p>\n\n\n\n<p>\u00a0\u00a0\u00a0\u00a0\u00a0\u00a0\u00a0\u00a0\u00a0\u00a0\u00a0 Antes de que concluyera la reuni\u00f3n, convocada por la Comisi\u00f3n del Adulto mayor del CORE de Tarapac\u00e1, se aclar\u00f3 que ninguno de los adultos mayores que atiende el Hogar, y que est\u00e1n en situaci\u00f3n de indefensi\u00f3n social, ser\u00e1n trasladados a Santiago.<\/p>\n\n\n\n<figure class=\"wp-block-image size-large\"><img loading=\"lazy\" decoding=\"async\" width=\"1024\" height=\"683\" src=\"https:\/\/coretarapaca.cl\/wp\/wp-content\/uploads\/DSC2419-1024x683.jpg\" alt=\"\" class=\"wp-image-1485\" srcset=\"https:\/\/coretarapaca.cl\/wp\/wp-content\/uploads\/DSC2419-1024x683.jpg 1024w, https:\/\/coretarapaca.cl\/wp\/wp-content\/uploads\/DSC2419-300x200.jpg 300w, https:\/\/coretarapaca.cl\/wp\/wp-content\/uploads\/DSC2419-768x513.jpg 768w, https:\/\/coretarapaca.cl\/wp\/wp-content\/uploads\/DSC2419-1536x1025.jpg 1536w, https:\/\/coretarapaca.cl\/wp\/wp-content\/uploads\/DSC2419-2048x1367.jpg 2048w\" sizes=\"auto, (max-width: 1024px) 100vw, 1024px\" \/><\/figure>\n\n\n\n<figure class=\"wp-block-image size-large\"><img loading=\"lazy\" decoding=\"async\" width=\"1024\" height=\"684\" src=\"https:\/\/coretarapaca.cl\/wp\/wp-content\/uploads\/DSC2464-1024x684.jpg\" alt=\"\" class=\"wp-image-1486\" srcset=\"https:\/\/coretarapaca.cl\/wp\/wp-content\/uploads\/DSC2464-1024x684.jpg 1024w, https:\/\/coretarapaca.cl\/wp\/wp-content\/uploads\/DSC2464-300x200.jpg 300w, https:\/\/coretarapaca.cl\/wp\/wp-content\/uploads\/DSC2464-768x513.jpg 768w, https:\/\/coretarapaca.cl\/wp\/wp-content\/uploads\/DSC2464-1536x1026.jpg 1536w, https:\/\/coretarapaca.cl\/wp\/wp-content\/uploads\/DSC2464-2048x1367.jpg 2048w\" sizes=\"auto, (max-width: 1024px) 100vw, 1024px\" \/><\/figure>\n","protected":false},"excerpt":{"rendered":"<p>Buscar\u00e1n en conjunto, asegurar la continuidad del funcionamiento del centro. Durante la reuni\u00f3n de trabajo a la que convoc\u00f3 la Presidenta de la Comisi\u00f3n del Adulto Mayor del Consejo Regional de Tarapac\u00e1, la consejera Claudia Hern\u00e1ndez, para tratar la situaci\u00f3n del inminente cierre del Hogar San Vicente de Paul de Iquique, se acord\u00f3 buscar en [&hellip;]<\/p>\n","protected":false},"author":3,"featured_media":1487,"comment_status":"closed","ping_status":"open","sticky":false,"template":"","format":"standard","meta":{"_mi_skip_tracking":false,"footnotes":""},"categories":[98],"tags":[],"class_list":["post-1483","post","type-post","status-publish","format-standard","has-post-thumbnail","hentry","category-adulto-mayor"],"_links":{"self":[{"href":"https:\/\/coretarapaca.cl\/wp\/index.php?rest_route=\/wp\/v2\/posts\/1483","targetHints":{"allow":["GET"]}}],"collection":[{"href":"https:\/\/coretarapaca.cl\/wp\/index.php?rest_route=\/wp\/v2\/posts"}],"about":[{"href":"https:\/\/coretarapaca.cl\/wp\/index.php?rest_route=\/wp\/v2\/types\/post"}],"author":[{"embeddable":true,"href":"https:\/\/coretarapaca.cl\/wp\/index.php?rest_route=\/wp\/v2\/users\/3"}],"replies":[{"embeddable":true,"href":"https:\/\/coretarapaca.cl\/wp\/index.php?rest_route=%2Fwp%2Fv2%2Fcomments&post=1483"}],"version-history":[{"count":3,"href":"https:\/\/coretarapaca.cl\/wp\/index.php?rest_route=\/wp\/v2\/posts\/1483\/revisions"}],"predecessor-version":[{"id":1490,"href":"https:\/\/coretarapaca.cl\/wp\/index.php?rest_route=\/wp\/v2\/posts\/1483\/revisions\/1490"}],"wp:featuredmedia":[{"embeddable":true,"href":"https:\/\/coretarapaca.cl\/wp\/index.php?rest_route=\/wp\/v2\/media\/1487"}],"wp:attachment":[{"href":"https:\/\/coretarapaca.cl\/wp\/index.php?rest_route=%2Fwp%2Fv2%2Fmedia&parent=1483"}],"wp:term":[{"taxonomy":"category","embeddable":true,"href":"https:\/\/coretarapaca.cl\/wp\/index.php?rest_route=%2Fwp%2Fv2%2Fcategories&post=1483"},{"taxonomy":"post_tag","embeddable":true,"href":"https:\/\/coretarapaca.cl\/wp\/index.php?rest_route=%2Fwp%2Fv2%2Ftags&post=1483"}],"curies":[{"name":"wp","href":"https:\/\/api.w.org\/{rel}","templated":true}]}}