{"id":1492,"date":"2022-10-26T17:02:25","date_gmt":"2022-10-26T20:02:25","guid":{"rendered":"https:\/\/coretarapaca.cl\/wp\/?p=1492"},"modified":"2025-06-16T12:08:03","modified_gmt":"2025-06-16T16:08:03","slug":"consejo-regional-aprobo-recursos-para-proyecto-que-permitira-a-los-municipios-contar-con-apoyo-de-equipos-de-profesionales-que-elaboren-proyectos-de-desarrollo-para-las-comunas","status":"publish","type":"post","link":"https:\/\/coretarapaca.cl\/wp\/?p=1492","title":{"rendered":"CONSEJO REGIONAL APROBO RECURSOS PARA PROYECTO QUE PERMITIRA A LOS MUNICIPIOS, CONTAR CON APOYO DE EQUIPOS DE PROFESIONALES, QUE ELABOREN PROYECTOS DE DESARROLLO PARA LAS COMUNAS"},"content":{"rendered":"\n<p class=\"has-medium-font-size\">Iniciativa permitir\u00e1 que municipios puedan contar con apoyo t\u00e9cnico de la CRD.<\/p>\n\n\n\n<p>Por mayor\u00eda de once votos, el pleno del Consejo Regional de Tarapac\u00e1, aprob\u00f3 la suplementaci\u00f3n de recursos para el proyecto \u201cEstudios &nbsp;Pre Inversionales y Estudios para el Desarrollo Econ\u00f3mico de la Regi\u00f3n de Tarapac\u00e1. Corporaci\u00f3n Regional de Desarrollo de Tarapac\u00e1\u201d, que present\u00f3 el Gobernador Regional Jos\u00e9 Miguel Carvajal, en representaci\u00f3n del Gobierno Regional.<\/p>\n\n\n\n<p>La iniciativa considera una inversi\u00f3n de 800 millones de pesos, que entre otras instancias, se destinar\u00e1n para conformar equipos de profesionales, que a trav\u00e9s de la Corporaci\u00f3n Regional de Desarrollo de Tarapac\u00e1, asistir\u00e1n a los municipios de la regi\u00f3n, en la formulaci\u00f3n de estudios y proyectos de desarrollo para dichas comunas.<\/p>\n\n\n\n<p>&nbsp;&nbsp;&nbsp;&nbsp;&nbsp;&nbsp;&nbsp;&nbsp;&nbsp;&nbsp;&nbsp; La propuesta aprobada permitir\u00e1 que los municipios, especialmente los de la Provincia de El Tamarugal, puedan contar con apoyo t\u00e9cnico, para el desarrollo de estudios de pre inversi\u00f3n, que permitan abordar la demanda territorial de infraestructura y de desarrollo econ\u00f3mico que tiene la regi\u00f3n, en un plazo de tres a\u00f1os.<\/p>\n\n\n\n<p class=\"has-vivid-red-color has-text-color\">\u00a0\u00a0\u00a0\u00a0\u00a0\u00a0\u00a0\u00a0\u00a0\u00a0\u00a0 E<strong>l proyecto fue presentado ante el pleno del \u00f3rgano colegiado, por el vicepresidente de la Comisi\u00f3n de Fomento, Emprendimiento e Innovaci\u00f3n del Consejo Regional, Freddy Araneda, quien junto a los consejeros Sergio Asserella, Luis Carvajal, Abraham D\u00edaz, Carlos Mancilla, Luis Milla, Camila Navarro, Germ\u00e1n Quiroz, Daniela Solari, Rosita Torres y al Presidente del Consejo Regional, Jos\u00e9 Miguel Carvajal, apoyaron y aprobaron la moci\u00f3n. La propuesta, en tanto, fue rechazado por los consejeros Eduardo Mamani, Claudia Hern\u00e1ndez y Solange Jim\u00e9nez.<\/strong><\/p>\n\n\n\n<figure class=\"wp-block-image size-large\"><img loading=\"lazy\" decoding=\"async\" width=\"1024\" height=\"684\" src=\"https:\/\/coretarapaca.cl\/wp\/wp-content\/uploads\/DSC3544-1024x684.jpg\" alt=\"\" class=\"wp-image-1494\" srcset=\"https:\/\/coretarapaca.cl\/wp\/wp-content\/uploads\/DSC3544-1024x684.jpg 1024w, https:\/\/coretarapaca.cl\/wp\/wp-content\/uploads\/DSC3544-300x200.jpg 300w, https:\/\/coretarapaca.cl\/wp\/wp-content\/uploads\/DSC3544-768x513.jpg 768w, https:\/\/coretarapaca.cl\/wp\/wp-content\/uploads\/DSC3544-1536x1025.jpg 1536w, https:\/\/coretarapaca.cl\/wp\/wp-content\/uploads\/DSC3544-2048x1367.jpg 2048w\" sizes=\"auto, (max-width: 1024px) 100vw, 1024px\" \/><\/figure>\n\n\n\n<p>\u00a0\u00a0\u00a0\u00a0\u00a0\u00a0\u00a0\u00a0\u00a0\u00a0 El proyecto, que considera la incorporaci\u00f3n de un equipo t\u00e9cnico, permitir\u00e1 prospectar la regi\u00f3n y revelar la demanda territorial que existe actualmente en Tarapac\u00e1. Buscar\u00e1 adem\u00e1s, atender dicha demanda con una respuesta integral y participativa; agilizar los procesos de gesti\u00f3n territorial para el desarrollo de iniciativas; disminuir la brecha entre las capacidades t\u00e9cnicas de los municipios; y contar con una cartera de planes, programas y proyectos desde el territorio.<\/p>\n\n\n\n<p>&nbsp;&nbsp;&nbsp;&nbsp;&nbsp;&nbsp;&nbsp;&nbsp;&nbsp;&nbsp;&nbsp; La operatividad del proyecto tendr\u00e1 tres principios orientadores, que son la descentralizaci\u00f3n, la inclusi\u00f3n y la participaci\u00f3n. Se contempla la realizaci\u00f3n de un estudio por cada provincia que conforma la regi\u00f3n, es decir, se definir\u00e1n dos carteras de demandas territoriales, una para la Provincia de Iquique y otra para la Provincia de El Tamarugal.<\/p>\n\n\n\n<p>&nbsp;&nbsp;&nbsp;&nbsp;&nbsp;&nbsp;&nbsp;&nbsp;&nbsp;&nbsp;&nbsp; Los recursos suplementados se destinar\u00e1n a la contrataci\u00f3n de los profesionales que conformar\u00e1n los equipos t\u00e9cnicos de gesti\u00f3n, para financiar las \u00e1reas de log\u00edstica y comercio internacional, para la confecci\u00f3n de un prototipo de recursos h\u00eddricos, y para solventar el \u00e1rea de patrimonio y sustentabilidad.<\/p>\n\n\n\n<figure class=\"wp-block-image size-large\"><img loading=\"lazy\" decoding=\"async\" width=\"1024\" height=\"684\" src=\"https:\/\/coretarapaca.cl\/wp\/wp-content\/uploads\/DSC3672-1024x684.jpg\" alt=\"\" class=\"wp-image-1495\" srcset=\"https:\/\/coretarapaca.cl\/wp\/wp-content\/uploads\/DSC3672-1024x684.jpg 1024w, https:\/\/coretarapaca.cl\/wp\/wp-content\/uploads\/DSC3672-300x200.jpg 300w, https:\/\/coretarapaca.cl\/wp\/wp-content\/uploads\/DSC3672-768x513.jpg 768w, https:\/\/coretarapaca.cl\/wp\/wp-content\/uploads\/DSC3672-1536x1025.jpg 1536w, https:\/\/coretarapaca.cl\/wp\/wp-content\/uploads\/DSC3672-2048x1367.jpg 2048w\" sizes=\"auto, (max-width: 1024px) 100vw, 1024px\" \/><\/figure>\n","protected":false},"excerpt":{"rendered":"<p>Iniciativa permitir\u00e1 que municipios puedan contar con apoyo t\u00e9cnico de la CRD. Por mayor\u00eda de once votos, el pleno del Consejo Regional de Tarapac\u00e1, aprob\u00f3 la suplementaci\u00f3n de recursos para el proyecto \u201cEstudios &nbsp;Pre Inversionales y Estudios para el Desarrollo Econ\u00f3mico de la Regi\u00f3n de Tarapac\u00e1. Corporaci\u00f3n Regional de Desarrollo de Tarapac\u00e1\u201d, que present\u00f3 el [&hellip;]<\/p>\n","protected":false},"author":3,"featured_media":1493,"comment_status":"closed","ping_status":"open","sticky":false,"template":"","format":"standard","meta":{"_mi_skip_tracking":false,"footnotes":""},"categories":[97],"tags":[],"class_list":["post-1492","post","type-post","status-publish","format-standard","has-post-thumbnail","hentry","category-consejo-regional-de-tarapaca"],"_links":{"self":[{"href":"https:\/\/coretarapaca.cl\/wp\/index.php?rest_route=\/wp\/v2\/posts\/1492","targetHints":{"allow":["GET"]}}],"collection":[{"href":"https:\/\/coretarapaca.cl\/wp\/index.php?rest_route=\/wp\/v2\/posts"}],"about":[{"href":"https:\/\/coretarapaca.cl\/wp\/index.php?rest_route=\/wp\/v2\/types\/post"}],"author":[{"embeddable":true,"href":"https:\/\/coretarapaca.cl\/wp\/index.php?rest_route=\/wp\/v2\/users\/3"}],"replies":[{"embeddable":true,"href":"https:\/\/coretarapaca.cl\/wp\/index.php?rest_route=%2Fwp%2Fv2%2Fcomments&post=1492"}],"version-history":[{"count":1,"href":"https:\/\/coretarapaca.cl\/wp\/index.php?rest_route=\/wp\/v2\/posts\/1492\/revisions"}],"predecessor-version":[{"id":1496,"href":"https:\/\/coretarapaca.cl\/wp\/index.php?rest_route=\/wp\/v2\/posts\/1492\/revisions\/1496"}],"wp:featuredmedia":[{"embeddable":true,"href":"https:\/\/coretarapaca.cl\/wp\/index.php?rest_route=\/wp\/v2\/media\/1493"}],"wp:attachment":[{"href":"https:\/\/coretarapaca.cl\/wp\/index.php?rest_route=%2Fwp%2Fv2%2Fmedia&parent=1492"}],"wp:term":[{"taxonomy":"category","embeddable":true,"href":"https:\/\/coretarapaca.cl\/wp\/index.php?rest_route=%2Fwp%2Fv2%2Fcategories&post=1492"},{"taxonomy":"post_tag","embeddable":true,"href":"https:\/\/coretarapaca.cl\/wp\/index.php?rest_route=%2Fwp%2Fv2%2Ftags&post=1492"}],"curies":[{"name":"wp","href":"https:\/\/api.w.org\/{rel}","templated":true}]}}