{"id":1505,"date":"2022-10-28T15:47:10","date_gmt":"2022-10-28T18:47:10","guid":{"rendered":"https:\/\/coretarapaca.cl\/wp\/?p=1505"},"modified":"2025-06-16T12:08:03","modified_gmt":"2025-06-16T16:08:03","slug":"aprueban-modificacion-presupuestaria-para-proyecto-de-infraestructura-en-borde-costero-de-chanavayita","status":"publish","type":"post","link":"https:\/\/coretarapaca.cl\/wp\/?p=1505","title":{"rendered":"APRUEBAN MODIFICACI\u00d3N PRESUPUESTARIA PARA PROYECTO DE INFRAESTRUCTURA EN BORDE COSTERO DE CHANAVAYITA \u00a0"},"content":{"rendered":"\n<p class=\"has-medium-font-size\">Iniciativa considera una inversi\u00f3n superior a los 2.050 millones de pesos que modernizar\u00e1 el borde costero de la caleta.<\/p>\n\n\n\n<p>&nbsp;&nbsp;&nbsp;&nbsp;&nbsp;&nbsp;&nbsp;&nbsp;&nbsp;&nbsp;&nbsp; El pleno del Consejo Regional de Tarapac\u00e1 aprob\u00f3, por unanimidad, la solicitud de modificaci\u00f3n del proyecto: \u201cConstrucci\u00f3n Borde Costero Caleta Chanavayita Iquique\u201d, que present\u00f3 la direcci\u00f3n de Obras Portuarias del ministerio de Obras P\u00fablicas. La iniciativa fue revisada en la sesi\u00f3n plenaria n\u00famero veinte del CORE de Tarapac\u00e1, que se realiz\u00f3 el pasado martes, y que presidi\u00f3 el Gobernador Regional Jos\u00e9 Miguel Carvajal.<\/p>\n\n\n\n<p>&nbsp;&nbsp;&nbsp;&nbsp;&nbsp;&nbsp;&nbsp;&nbsp;&nbsp;&nbsp;&nbsp; El proyecto fue presentado ante el pleno, por la presidente de la comisi\u00f3n de Infraestructura, Inversi\u00f3n y Presupuesto del Consejo Regional de Tarapac\u00e1, Daniela Solari, quien durante la sesi\u00f3n, dio cuenta en detalle de la iniciativa, indicando que esta apunta a satisfacer una demanda largamente anhelada por los vecinos de Caleta Chanavayita, que es el mejoramiento definitivo del borde costero en dicho sector.<\/p>\n\n\n\n<figure class=\"wp-block-image size-large\"><img loading=\"lazy\" decoding=\"async\" width=\"1024\" height=\"683\" src=\"https:\/\/coretarapaca.cl\/wp\/wp-content\/uploads\/DSC3306-1024x683.jpg\" alt=\"\" class=\"wp-image-1506\" srcset=\"https:\/\/coretarapaca.cl\/wp\/wp-content\/uploads\/DSC3306-1024x683.jpg 1024w, https:\/\/coretarapaca.cl\/wp\/wp-content\/uploads\/DSC3306-300x200.jpg 300w, https:\/\/coretarapaca.cl\/wp\/wp-content\/uploads\/DSC3306-768x513.jpg 768w, https:\/\/coretarapaca.cl\/wp\/wp-content\/uploads\/DSC3306-1536x1025.jpg 1536w, https:\/\/coretarapaca.cl\/wp\/wp-content\/uploads\/DSC3306-2048x1367.jpg 2048w\" sizes=\"auto, (max-width: 1024px) 100vw, 1024px\" \/><\/figure>\n\n\n\n<p class=\"has-vivid-red-color has-text-color\">&nbsp;&nbsp;&nbsp;&nbsp;&nbsp;&nbsp;&nbsp;&nbsp;&nbsp;&nbsp;&nbsp; La propuesta persigue desarrollar el borde costero de Caleta Chanavayita, mediante su potenciaci\u00f3n, recuperaci\u00f3n y reactivaci\u00f3n tur\u00edstica. En lo que respecta a las obras, se consideran trabajos en cuatro tramos principales, los que incluir\u00e1n rampas de accesibilidad para acceder al sector de solanera, plataformas de contemplaci\u00f3n con sombreaderos, estacionamientos con aparcaderos de accesibilidad universal, escalinatas con esca\u00f1os de descanso, y zona de juegos inclusivos, entre otros.<\/p>\n\n\n\n<p>&nbsp;&nbsp;&nbsp;&nbsp;&nbsp;&nbsp;&nbsp;&nbsp;&nbsp;&nbsp;&nbsp; Cabe se\u00f1alar que, en una primera instancia, el proyecto fue aprobado por un monto superior a los 2.170 millones de pesos, financiado en un cien por ciento con recursos del FNDR. Luego de cuatro llamados a licitaci\u00f3n, la iniciativa fue reevaluada y se propuso una suplementaci\u00f3n de recursos v\u00eda fondos sectoriales.<\/p>\n\n\n\n<p>&nbsp;&nbsp;&nbsp;&nbsp;&nbsp;&nbsp;&nbsp;&nbsp;&nbsp;&nbsp;&nbsp; Dicha propuesta de modificaci\u00f3n de contrato surgi\u00f3 a partir de la necesidad de complementar y mejorar la calidad de las obras que se ejecutar\u00e1n, actualizando el est\u00e1ndar de seguridad en el sector norte del balneario, dot\u00e1ndolo de un muro de contenci\u00f3n que se erigir\u00e1 en los taludes del camino de acceso a la caleta.<\/p>\n\n\n\n<p>El monto total actualizado del contrato de obras alcanza los 2.050 millones 724 mil 24 pesos, de los cuales el aporte del FNDR corresponde a 1.630 millones 744 mil pesos, y el aporte sectorial es de 419 millones 980 mil 24 pesos. La modificaci\u00f3n planteada al pleno del cuerpo colegiado considera, en tanto, una disminuci\u00f3n de obras por un monto de 13 millones 835 mil 310 pesos.<\/p>\n","protected":false},"excerpt":{"rendered":"<p>Iniciativa considera una inversi\u00f3n superior a los 2.050 millones de pesos que modernizar\u00e1 el borde costero de la caleta. &nbsp;&nbsp;&nbsp;&nbsp;&nbsp;&nbsp;&nbsp;&nbsp;&nbsp;&nbsp;&nbsp; El pleno del Consejo Regional de Tarapac\u00e1 aprob\u00f3, por unanimidad, la solicitud de modificaci\u00f3n del proyecto: \u201cConstrucci\u00f3n Borde Costero Caleta Chanavayita Iquique\u201d, que present\u00f3 la direcci\u00f3n de Obras Portuarias del ministerio de Obras P\u00fablicas. La [&hellip;]<\/p>\n","protected":false},"author":3,"featured_media":1507,"comment_status":"closed","ping_status":"open","sticky":false,"template":"","format":"standard","meta":{"_mi_skip_tracking":false,"footnotes":""},"categories":[75],"tags":[],"class_list":["post-1505","post","type-post","status-publish","format-standard","has-post-thumbnail","hentry","category-infraestructura-inversion-y-presupuesto"],"_links":{"self":[{"href":"https:\/\/coretarapaca.cl\/wp\/index.php?rest_route=\/wp\/v2\/posts\/1505","targetHints":{"allow":["GET"]}}],"collection":[{"href":"https:\/\/coretarapaca.cl\/wp\/index.php?rest_route=\/wp\/v2\/posts"}],"about":[{"href":"https:\/\/coretarapaca.cl\/wp\/index.php?rest_route=\/wp\/v2\/types\/post"}],"author":[{"embeddable":true,"href":"https:\/\/coretarapaca.cl\/wp\/index.php?rest_route=\/wp\/v2\/users\/3"}],"replies":[{"embeddable":true,"href":"https:\/\/coretarapaca.cl\/wp\/index.php?rest_route=%2Fwp%2Fv2%2Fcomments&post=1505"}],"version-history":[{"count":1,"href":"https:\/\/coretarapaca.cl\/wp\/index.php?rest_route=\/wp\/v2\/posts\/1505\/revisions"}],"predecessor-version":[{"id":1508,"href":"https:\/\/coretarapaca.cl\/wp\/index.php?rest_route=\/wp\/v2\/posts\/1505\/revisions\/1508"}],"wp:featuredmedia":[{"embeddable":true,"href":"https:\/\/coretarapaca.cl\/wp\/index.php?rest_route=\/wp\/v2\/media\/1507"}],"wp:attachment":[{"href":"https:\/\/coretarapaca.cl\/wp\/index.php?rest_route=%2Fwp%2Fv2%2Fmedia&parent=1505"}],"wp:term":[{"taxonomy":"category","embeddable":true,"href":"https:\/\/coretarapaca.cl\/wp\/index.php?rest_route=%2Fwp%2Fv2%2Fcategories&post=1505"},{"taxonomy":"post_tag","embeddable":true,"href":"https:\/\/coretarapaca.cl\/wp\/index.php?rest_route=%2Fwp%2Fv2%2Ftags&post=1505"}],"curies":[{"name":"wp","href":"https:\/\/api.w.org\/{rel}","templated":true}]}}