{"id":1526,"date":"2022-11-16T11:13:10","date_gmt":"2022-11-16T14:13:10","guid":{"rendered":"https:\/\/coretarapaca.cl\/wp\/?p=1526"},"modified":"2025-06-16T12:08:03","modified_gmt":"2025-06-16T16:08:03","slug":"consejeros-regionales-se-trasladaron-a-camina-para-conocer-proyectos-que-el-municipio-local-prioriza-para-concretar-el-2023-mediante-recursos-que-aportara-el-gore","status":"publish","type":"post","link":"https:\/\/coretarapaca.cl\/wp\/?p=1526","title":{"rendered":"<strong>CONSEJEROS REGIONALES SE TRASLADARON A CAMI\u00d1A PARA CONOCER PROYECTOS QUE EL MUNICIPIO LOCAL PRIORIZA PARA CONCRETAR EL 2023, MEDIANTE RECURSOS QUE APORTARA EL GORE<\/strong>"},"content":{"rendered":"\n<p class=\"has-medium-font-size\">Cores conocieron proyectos comunales de desarrollo para Cami\u00f1a<\/p>\n\n\n\n<p>En la localidad de Cami\u00f1a, sesion\u00f3  la Comisi\u00f3n de R\u00e9gimen Interno del Consejo Regional de Tarapac\u00e1, que preside la consejera Claudia Hern\u00e1ndez, con el objetivo de conocer en terreno, y a trav\u00e9s de la exposici\u00f3n de la alcaldesa de dicha localidad, Evelyn Mamani, la priorizaci\u00f3n de los proyectos y planes que pretenden implementar el municipio, a trav\u00e9s de la inversi\u00f3n de recursos regionales, susceptibles de ser proporcionados por el Gobierno Regional de Tarapac\u00e1.<\/p>\n\n\n\n<p class=\"has-vivid-red-color has-text-color\">\u00a0\u00a0\u00a0\u00a0\u00a0\u00a0\u00a0\u00a0\u00a0\u00a0\u00a0 <strong>Tambi\u00e9n, durante la reuni\u00f3n, la jefa comunal cami\u00f1ana expuso el Plan de Desarrollo Comunal PLADECO 2022 \u2013 2025, una exposici\u00f3n pormenorizada de la situaci\u00f3n social y de infraestructura actual de la comuna, y la cartera de proyectos y programas que se pretenden implementar en la localidad, mediante aportes del Ministerio de Obra P\u00fablicas.<\/strong><\/p>\n\n\n\n<p>&nbsp;&nbsp;&nbsp;&nbsp;&nbsp;&nbsp;&nbsp;&nbsp;&nbsp;&nbsp;&nbsp; La sesi\u00f3n se realiz\u00f3 en la sala de reuniones de la Municipalidad de Cami\u00f1a, y en ella participaron adem\u00e1s de las autoridades citadas, los consejeros regionales Abraham D\u00edaz, Eduardo Mamani, Rosita Torres, Solange Jim\u00e9nez, Camila Navarro, Luis Carvajal y Freddy Araneda.<\/p>\n\n\n\n<figure class=\"wp-block-gallery has-nested-images columns-default is-cropped wp-block-gallery-1 is-layout-flex wp-block-gallery-is-layout-flex\">\n<figure class=\"wp-block-image size-large\"><img loading=\"lazy\" decoding=\"async\" width=\"1024\" height=\"684\" data-id=\"1528\" src=\"https:\/\/coretarapaca.cl\/wp\/wp-content\/uploads\/DSC5511-1024x684.jpg\" alt=\"\" class=\"wp-image-1528\" srcset=\"https:\/\/coretarapaca.cl\/wp\/wp-content\/uploads\/DSC5511-1024x684.jpg 1024w, https:\/\/coretarapaca.cl\/wp\/wp-content\/uploads\/DSC5511-300x200.jpg 300w, https:\/\/coretarapaca.cl\/wp\/wp-content\/uploads\/DSC5511-768x513.jpg 768w, https:\/\/coretarapaca.cl\/wp\/wp-content\/uploads\/DSC5511-1536x1025.jpg 1536w, https:\/\/coretarapaca.cl\/wp\/wp-content\/uploads\/DSC5511-2048x1367.jpg 2048w\" sizes=\"auto, (max-width: 1024px) 100vw, 1024px\" \/><\/figure>\n<\/figure>\n\n\n\n<p>&nbsp;&nbsp;&nbsp;&nbsp;&nbsp;&nbsp;&nbsp;&nbsp;&nbsp;&nbsp;&nbsp; En representaci\u00f3n del gobierno comunal cami\u00f1ano tambi\u00e9n estuvieron presentes en la sesi\u00f3n, los concejales Emiliano Choque, Esteban Garc\u00eda, Manuel Linares y Sandra Challapa. Adem\u00e1s, se cont\u00f3 con la asistencia de dirigentes vecinales y de organizaciones sociales de dicha comuna.<\/p>\n\n\n\n<p>&nbsp;&nbsp;&nbsp;&nbsp;&nbsp;&nbsp;&nbsp;&nbsp;&nbsp;&nbsp;&nbsp; En lo que respecta a iniciativas de desarrollo e infraestructura, que la Municipalidad de Cami\u00f1a pretende implementar con aportes FNDR se encuentran: el proyecto de reposici\u00f3n de la Sala Multiuso de Cami\u00f1a; la reposici\u00f3n de la Casa de Hu\u00e9spedes para Funcionarios Municipales; la Construcci\u00f3n del Centro Social, Cultural y Patrimonial de Chapiquilta; el Programa de Promoci\u00f3n Tur\u00edstica de la comuna; el Programa Comunal de Emergencia, Prevenci\u00f3n de Riesgos y Medio Ambiente; el Programa de Desarrollo de Actividades Productivas de la Comuna de Cami\u00f1a; el Proyecto de Reposici\u00f3n del Equipamiento del Sistema de Gesti\u00f3n de Residuos; y el Proyecto de Reposici\u00f3n de Equipamiento Maquinaria municipal (Bulldozer, Excavadora, Cami\u00f3n y Cama Baja), iniciativa que demandar\u00e1 por si s\u00f3lo, m\u00e1s de 981 millones de pesos.<\/p>\n\n\n\n<p>&nbsp;&nbsp;&nbsp;&nbsp;&nbsp;&nbsp;&nbsp;&nbsp;&nbsp;&nbsp;&nbsp; Otras iniciativas que tiene el municipio cami\u00f1ano, que tambi\u00e9n fueron expuestos y que actualmente est\u00e1n en la etapa de dise\u00f1o, fueron la construcci\u00f3n del complejo deportivo municipal y la construcci\u00f3n del CESFAM comunal.<\/p>\n\n\n\n<figure class=\"wp-block-image size-large\"><img loading=\"lazy\" decoding=\"async\" width=\"1024\" height=\"684\" src=\"https:\/\/coretarapaca.cl\/wp\/wp-content\/uploads\/DSC5453-1024x684.jpg\" alt=\"\" class=\"wp-image-1529\" srcset=\"https:\/\/coretarapaca.cl\/wp\/wp-content\/uploads\/DSC5453-1024x684.jpg 1024w, https:\/\/coretarapaca.cl\/wp\/wp-content\/uploads\/DSC5453-300x200.jpg 300w, https:\/\/coretarapaca.cl\/wp\/wp-content\/uploads\/DSC5453-768x513.jpg 768w, https:\/\/coretarapaca.cl\/wp\/wp-content\/uploads\/DSC5453-1536x1025.jpg 1536w, https:\/\/coretarapaca.cl\/wp\/wp-content\/uploads\/DSC5453-2048x1367.jpg 2048w\" sizes=\"auto, (max-width: 1024px) 100vw, 1024px\" \/><\/figure>\n","protected":false},"excerpt":{"rendered":"<p>Cores conocieron proyectos comunales de desarrollo para Cami\u00f1a En la localidad de Cami\u00f1a, sesion\u00f3 la Comisi\u00f3n de R\u00e9gimen Interno del Consejo Regional de Tarapac\u00e1, que preside la consejera Claudia Hern\u00e1ndez, con el objetivo de conocer en terreno, y a trav\u00e9s de la exposici\u00f3n de la alcaldesa de dicha localidad, Evelyn Mamani, la priorizaci\u00f3n de los [&hellip;]<\/p>\n","protected":false},"author":3,"featured_media":1527,"comment_status":"closed","ping_status":"open","sticky":false,"template":"","format":"standard","meta":{"_mi_skip_tracking":false,"footnotes":""},"categories":[74],"tags":[],"class_list":["post-1526","post","type-post","status-publish","format-standard","has-post-thumbnail","hentry","category-regimen-interno"],"_links":{"self":[{"href":"https:\/\/coretarapaca.cl\/wp\/index.php?rest_route=\/wp\/v2\/posts\/1526","targetHints":{"allow":["GET"]}}],"collection":[{"href":"https:\/\/coretarapaca.cl\/wp\/index.php?rest_route=\/wp\/v2\/posts"}],"about":[{"href":"https:\/\/coretarapaca.cl\/wp\/index.php?rest_route=\/wp\/v2\/types\/post"}],"author":[{"embeddable":true,"href":"https:\/\/coretarapaca.cl\/wp\/index.php?rest_route=\/wp\/v2\/users\/3"}],"replies":[{"embeddable":true,"href":"https:\/\/coretarapaca.cl\/wp\/index.php?rest_route=%2Fwp%2Fv2%2Fcomments&post=1526"}],"version-history":[{"count":2,"href":"https:\/\/coretarapaca.cl\/wp\/index.php?rest_route=\/wp\/v2\/posts\/1526\/revisions"}],"predecessor-version":[{"id":1531,"href":"https:\/\/coretarapaca.cl\/wp\/index.php?rest_route=\/wp\/v2\/posts\/1526\/revisions\/1531"}],"wp:featuredmedia":[{"embeddable":true,"href":"https:\/\/coretarapaca.cl\/wp\/index.php?rest_route=\/wp\/v2\/media\/1527"}],"wp:attachment":[{"href":"https:\/\/coretarapaca.cl\/wp\/index.php?rest_route=%2Fwp%2Fv2%2Fmedia&parent=1526"}],"wp:term":[{"taxonomy":"category","embeddable":true,"href":"https:\/\/coretarapaca.cl\/wp\/index.php?rest_route=%2Fwp%2Fv2%2Fcategories&post=1526"},{"taxonomy":"post_tag","embeddable":true,"href":"https:\/\/coretarapaca.cl\/wp\/index.php?rest_route=%2Fwp%2Fv2%2Ftags&post=1526"}],"curies":[{"name":"wp","href":"https:\/\/api.w.org\/{rel}","templated":true}]}}