{"id":1541,"date":"2022-11-29T16:55:41","date_gmt":"2022-11-29T19:55:41","guid":{"rendered":"https:\/\/coretarapaca.cl\/wp\/?p=1541"},"modified":"2025-06-16T12:08:03","modified_gmt":"2025-06-16T16:08:03","slug":"consejo-regional-de-tarapaca-aprobo-transferencia-de-competencias-para-los-gobiernos-regionales-que-propuso-el-poder-ejecutivo","status":"publish","type":"post","link":"https:\/\/coretarapaca.cl\/wp\/?p=1541","title":{"rendered":"<strong>CONSEJO REGIONAL DE TARAPACA APROB\u00d3 TRANSFERENCIA DE COMPETENCIAS PARA LOS GOBIERNOS REGIONALES QUE PROPUSO EL PODER EJECUTIVO<\/strong>"},"content":{"rendered":"\n<p class=\"has-medium-font-size\">Incluyen facultades para agilizar el proceso de descentralizaci\u00f3n administrativa.<\/p>\n\n\n\n<p>&nbsp;&nbsp;&nbsp;&nbsp;&nbsp;&nbsp;&nbsp;&nbsp;&nbsp;&nbsp;&nbsp; En sesi\u00f3n plenaria extraordinaria, el Consejo Regional de Tarapac\u00e1 aprob\u00f3 en general, la propuesta de transferencia de competencias oficiadas por el Presidente de la Rep\u00fablica Gabriel Boric para los gobiernos regionales del pa\u00eds.<br>Las facultades transferidas, que en total son cinco, permitir\u00e1n agilizar el proceso de descentralizaci\u00f3n administrativa, fortalecer las fiscalizaciones medio ambientales, otorgar concesiones de uso gratuito de terrenos p\u00fablicos a corto plazo, y elaborar modificaciones a los planos reguladores intercomunales, entre otros.<\/p>\n\n\n\n<p>&nbsp;&nbsp;&nbsp;&nbsp;&nbsp;&nbsp;&nbsp;&nbsp;&nbsp;&nbsp;&nbsp; Las propuestas fueron presentadas ante los integrantes del pleno del Consejo Regional, mediante una sesi\u00f3n telem\u00e1tica v\u00eda plataforma Zoom, que presidi\u00f3 el Gobernador Regional de Tarapac\u00e1, Jos\u00e9 Miguel Carvajal. La exposici\u00f3n de estas estuvo a cargo del presidente de la comisi\u00f3n de R\u00e9gimen Interno del CORE de Tarapac\u00e1, el consejero Carlos Mancilla.<\/p>\n\n\n\n<p class=\"has-vivid-red-color has-text-color\"><strong>En tanto, las transferencias de competencias sometidas a deliberaci\u00f3n por parte de los integrantes del pleno del Consejo Regional de Tarapac\u00e1, a grandes rasgos, fueron las siguientes: la presidencia del Consejo Regional de Capacitaci\u00f3n; la Presidencia de la Comisi\u00f3n de Evaluaci\u00f3n Ambiental; el otorgamiento de concesiones gratuitas de corto plazo; <a>la fijaci\u00f3n de v\u00edas de acceso a playas en terrenos colindantes<\/a>; y la elaboraci\u00f3n o modificaci\u00f3n del Plan Regulador Intercomunal o Metropolitano.<\/strong><\/p>\n\n\n\n<figure class=\"wp-block-image size-large\"><img loading=\"lazy\" decoding=\"async\" width=\"1024\" height=\"683\" src=\"https:\/\/coretarapaca.cl\/wp\/wp-content\/uploads\/Pleno-1-1024x683.jpg\" alt=\"\" class=\"wp-image-1542\" srcset=\"https:\/\/coretarapaca.cl\/wp\/wp-content\/uploads\/Pleno-1-1024x683.jpg 1024w, https:\/\/coretarapaca.cl\/wp\/wp-content\/uploads\/Pleno-1-300x200.jpg 300w, https:\/\/coretarapaca.cl\/wp\/wp-content\/uploads\/Pleno-1-768x512.jpg 768w, https:\/\/coretarapaca.cl\/wp\/wp-content\/uploads\/Pleno-1-1536x1024.jpg 1536w, https:\/\/coretarapaca.cl\/wp\/wp-content\/uploads\/Pleno-1-2048x1365.jpg 2048w\" sizes=\"auto, (max-width: 1024px) 100vw, 1024px\" \/><\/figure>\n\n\n\n<p>Luego de conocer los antecedentes de cada competencia, se sometieron a votaci\u00f3n por separado durante la sesi\u00f3n plenaria extraordinaria. La primera, relativa a la Presidencia del Consejo Regional de Capacitaci\u00f3n, fue aprobada por mayor\u00eda 13 votos, registr\u00e1ndose s\u00f3lo una abstenci\u00f3n.<\/p>\n\n\n\n<p>La competencia traspasada, relacionada con el ejercicio de la Presidencia de la Comisi\u00f3n de Evaluaci\u00f3n Ambiental, fue aprobada por mayor\u00eda de 11 votos, registr\u00e1ndose dos votos de rechazo de los consejeros Claudia Hern\u00e1ndez y Luis Milla, y un voto de abstenci\u00f3n del consejero la Provincia del Tamarugal Eduardo Mamani.<\/p>\n\n\n\n<p>La tercera competencia, sobre el otorgamiento de concesiones gratuitas de corto plazo, fue aprobada por el pleno, por mayor\u00eda de 9 votos. Se registraron tambi\u00e9n las abstenciones de los consejeros Claudia Hern\u00e1ndez, Solange Jim\u00e9nez y Eduardo Mamani. Votaron por el rechazo de la moci\u00f3n los consejeros Daniela Solari y Luis Milla.<\/p>\n\n\n\n<p>La cuarta competencia traspasada, relativa a la fijaci\u00f3n de v\u00edas de acceso a playas en terrenos colindantes, fue aprobada por mayor\u00eda de 9 votos. Durante la votaci\u00f3n de la moci\u00f3n, se registraron las opciones de rechazo de los cores Claudia Hern\u00e1ndez, Solange Jim\u00e9nez, Eduardo Mamani, Luis Milla y Daniela Solari.<\/p>\n\n\n\n<p>La quinta y \u00faltima competencia, sobre la elaboraci\u00f3n o modificaci\u00f3n del Plan Regulador Intercomunal o Metropolitano, fue aprobada por mayor\u00eda de 11 votos, registr\u00e1ndose los votos de rechazo de los consejeros Claudia Hern\u00e1ndez, Solange Jim\u00e9nez y Eduardo Mamani.<\/p>\n\n\n\n<figure class=\"wp-block-image size-large\"><img loading=\"lazy\" decoding=\"async\" width=\"1024\" height=\"684\" src=\"https:\/\/coretarapaca.cl\/wp\/wp-content\/uploads\/Pleno-3-1024x684.jpg\" alt=\"\" class=\"wp-image-1543\" srcset=\"https:\/\/coretarapaca.cl\/wp\/wp-content\/uploads\/Pleno-3-1024x684.jpg 1024w, https:\/\/coretarapaca.cl\/wp\/wp-content\/uploads\/Pleno-3-300x200.jpg 300w, https:\/\/coretarapaca.cl\/wp\/wp-content\/uploads\/Pleno-3-768x513.jpg 768w, https:\/\/coretarapaca.cl\/wp\/wp-content\/uploads\/Pleno-3-1536x1025.jpg 1536w, https:\/\/coretarapaca.cl\/wp\/wp-content\/uploads\/Pleno-3-2048x1367.jpg 2048w\" sizes=\"auto, (max-width: 1024px) 100vw, 1024px\" \/><\/figure>\n","protected":false},"excerpt":{"rendered":"<p>Incluyen facultades para agilizar el proceso de descentralizaci\u00f3n administrativa. &nbsp;&nbsp;&nbsp;&nbsp;&nbsp;&nbsp;&nbsp;&nbsp;&nbsp;&nbsp;&nbsp; En sesi\u00f3n plenaria extraordinaria, el Consejo Regional de Tarapac\u00e1 aprob\u00f3 en general, la propuesta de transferencia de competencias oficiadas por el Presidente de la Rep\u00fablica Gabriel Boric para los gobiernos regionales del pa\u00eds.Las facultades transferidas, que en total son cinco, permitir\u00e1n agilizar el proceso de [&hellip;]<\/p>\n","protected":false},"author":3,"featured_media":1545,"comment_status":"closed","ping_status":"open","sticky":false,"template":"","format":"standard","meta":{"_mi_skip_tracking":false,"footnotes":""},"categories":[96],"tags":[],"class_list":["post-1541","post","type-post","status-publish","format-standard","has-post-thumbnail","hentry","category-sesion-plenaria"],"_links":{"self":[{"href":"https:\/\/coretarapaca.cl\/wp\/index.php?rest_route=\/wp\/v2\/posts\/1541","targetHints":{"allow":["GET"]}}],"collection":[{"href":"https:\/\/coretarapaca.cl\/wp\/index.php?rest_route=\/wp\/v2\/posts"}],"about":[{"href":"https:\/\/coretarapaca.cl\/wp\/index.php?rest_route=\/wp\/v2\/types\/post"}],"author":[{"embeddable":true,"href":"https:\/\/coretarapaca.cl\/wp\/index.php?rest_route=\/wp\/v2\/users\/3"}],"replies":[{"embeddable":true,"href":"https:\/\/coretarapaca.cl\/wp\/index.php?rest_route=%2Fwp%2Fv2%2Fcomments&post=1541"}],"version-history":[{"count":1,"href":"https:\/\/coretarapaca.cl\/wp\/index.php?rest_route=\/wp\/v2\/posts\/1541\/revisions"}],"predecessor-version":[{"id":1546,"href":"https:\/\/coretarapaca.cl\/wp\/index.php?rest_route=\/wp\/v2\/posts\/1541\/revisions\/1546"}],"wp:featuredmedia":[{"embeddable":true,"href":"https:\/\/coretarapaca.cl\/wp\/index.php?rest_route=\/wp\/v2\/media\/1545"}],"wp:attachment":[{"href":"https:\/\/coretarapaca.cl\/wp\/index.php?rest_route=%2Fwp%2Fv2%2Fmedia&parent=1541"}],"wp:term":[{"taxonomy":"category","embeddable":true,"href":"https:\/\/coretarapaca.cl\/wp\/index.php?rest_route=%2Fwp%2Fv2%2Fcategories&post=1541"},{"taxonomy":"post_tag","embeddable":true,"href":"https:\/\/coretarapaca.cl\/wp\/index.php?rest_route=%2Fwp%2Fv2%2Ftags&post=1541"}],"curies":[{"name":"wp","href":"https:\/\/api.w.org\/{rel}","templated":true}]}}