{"id":1793,"date":"2023-11-10T11:57:12","date_gmt":"2023-11-10T14:57:12","guid":{"rendered":"https:\/\/coretarapaca.cl\/wp\/?p=1793"},"modified":"2025-06-16T12:07:45","modified_gmt":"2025-06-16T16:07:45","slug":"comision-de-seguridad-ciudadana-del-core-propiciara-reunion-con-bomberos-y-serviu-para-priorizar-proyectos-de-adquisicion-de-equipamiento-y-para-regularizar-terrenos-en-la-region-donde-ya-existen-c","status":"publish","type":"post","link":"https:\/\/coretarapaca.cl\/wp\/?p=1793","title":{"rendered":"COMISION DE SEGURIDAD CIUDADANA DEL CORE PROPICIARA REUNION CON BOMBEROS Y SERVIU, PARA PRIORIZAR PROYECTOS DE ADQUISICION DE EQUIPAMIENTO, Y PARA REGULARIZAR TERRENOS EN LA REGION, DONDE YA EXISTEN CUARTELES Y DONDE SE PROYECTA ERIGIR OTROS NUEVOS"},"content":{"rendered":"\n<p class=\"has-medium-font-size\">CORE priorizar\u00e1 la tramitaci\u00f3n de proyectos de equipamiento para Bomberos.<\/p>\n\n\n\n<p>Este viernes 10 de noviembre, el Presidente de la Comisi\u00f3n de Seguridad Ciudadana del Consejo Regional de Tarapac\u00e1, Sergio Asserella, acord\u00f3 establecer junto a autoridades regionales del Cuerpo de Bomberos, de la Direcci\u00f3n Regional del SERVIU y funcionarios de distintas reparticiones del Gobierno Regional de Tarapac\u00e1, una lista de proyectos que permita priorizar tanto la tramitaci\u00f3n como la concreci\u00f3n de dichas iniciativas.<\/p>\n\n\n\n<p class=\"has-vivid-red-color has-text-color\"><strong>La definici\u00f3n de la lista de proyectos a priorizar, permitir\u00e1 entre otros cometidos, dotar a bomberos de equipamiento, de veh\u00edculos de emergencia, y de terrenos en \u00e1reas rurales de la regi\u00f3n, en los que se pretende erigir nuevos cuarteles.<\/strong><\/p>\n\n\n\n<figure class=\"wp-block-image size-large\"><img loading=\"lazy\" decoding=\"async\" width=\"1024\" height=\"683\" src=\"https:\/\/coretarapaca.cl\/wp\/wp-content\/uploads\/DSC2984-1024x683.jpg\" alt=\"\" class=\"wp-image-1797\" srcset=\"https:\/\/coretarapaca.cl\/wp\/wp-content\/uploads\/DSC2984-1024x683.jpg 1024w, https:\/\/coretarapaca.cl\/wp\/wp-content\/uploads\/DSC2984-300x200.jpg 300w, https:\/\/coretarapaca.cl\/wp\/wp-content\/uploads\/DSC2984-768x512.jpg 768w, https:\/\/coretarapaca.cl\/wp\/wp-content\/uploads\/DSC2984-1536x1024.jpg 1536w, https:\/\/coretarapaca.cl\/wp\/wp-content\/uploads\/DSC2984-2048x1365.jpg 2048w\" sizes=\"auto, (max-width: 1024px) 100vw, 1024px\" \/><\/figure>\n\n\n\n<p>Debido a la emergencia clim\u00e1tica que afecta a la Provincia del Tamarugal, la presencia de los representantes del Cuerpo de Bomberos de Tarapac\u00e1 en la reuni\u00f3n, fue acotada. Pese a lo anterior, asistieron representantes del SERVIU y de la Agrupaci\u00f3n Bote Salvavidas.<\/p>\n\n\n\n<p>La lista de proyectos presentada considera iniciativas como la \u201cAdquisici\u00f3n Kit de Herramientas para Rescates para el Cuerpo de Bomberos de la Provincia del Tamarugal\u201d, que considera una inversi\u00f3n superior a los 413 millones de pesos; la \u201cReposici\u00f3n de Carros Cisterna para el Cuerpo de Bomberos de Iquique\u201d, con una inversi\u00f3n de 2.122 millones de pesos; la \u201cAdquisici\u00f3n de Veh\u00edculo de Rescate Agreste para el Cuerpo de Bomberos Provincia de Iquique\u201d, por un monto cercano a los 193 millones de pesos; y el proyecto de \u201cAdquisici\u00f3n de Veh\u00edculos de Rescate Agreste para el Cuerpo de Bomberos del Tamarugal\u201d, que considera una inversi\u00f3n cercana a los 265 millones de pesos.<\/p>\n\n\n\n<p>Tambi\u00e9n forman parte de la lista que incluye proyecto a priorizar, las iniciativas \u201cAdquisici\u00f3n Veh\u00edculo con Brazo Articulado\u201d para la Compa\u00f1\u00eda de Bomberos Santa Rosa de Alto Hospicio, cuyo costo alcanza los 1.600 millones de pesos; y el proyecto \u201cAdquisici\u00f3n Carro Cisternas para Chanavayita\u201d, que considera una inversi\u00f3n de 282 millones de pesos.<\/p>\n\n\n\n<p>El Presidente de la Comisi\u00f3n indic\u00f3 que propiciar\u00e1 la realizaci\u00f3n de reuniones t\u00e9cnicas con el SERVIU, para agilizar los tr\u00e1mites que permitan regularizar distintos terrenos en Alto Hospicio, en donde se encuentran emplazados actualmente los cuarteles de bomberos. Tambi\u00e9n se tramitar\u00e1 la regularizaci\u00f3n de otro terreno, para erigir a futuro, un cuartel en el sector de El Boro, de la misma comuna.<\/p>\n\n\n\n<p>\u00a0\u00a0\u00a0\u00a0\u00a0\u00a0\u00a0\u00a0\u00a0\u00a0\u00a0 El consejero Sergio Asserella se\u00f1al\u00f3 adem\u00e1s, que un trabajo similar se realizar\u00e1 en aquellas \u00e1reas de la Provincia del Tamarugal, donde se requiera la instalaci\u00f3n de cuarteles o bases de operaciones para los bomberos, desde la perspectiva estrat\u00e9gico-log\u00edstica.<\/p>\n\n\n\n<figure class=\"wp-block-image size-large\"><img loading=\"lazy\" decoding=\"async\" width=\"1024\" height=\"683\" src=\"https:\/\/coretarapaca.cl\/wp\/wp-content\/uploads\/DSC2948-1-1024x683.jpg\" alt=\"\" class=\"wp-image-1798\" srcset=\"https:\/\/coretarapaca.cl\/wp\/wp-content\/uploads\/DSC2948-1-1024x683.jpg 1024w, https:\/\/coretarapaca.cl\/wp\/wp-content\/uploads\/DSC2948-1-300x200.jpg 300w, https:\/\/coretarapaca.cl\/wp\/wp-content\/uploads\/DSC2948-1-768x512.jpg 768w, https:\/\/coretarapaca.cl\/wp\/wp-content\/uploads\/DSC2948-1-1536x1024.jpg 1536w, https:\/\/coretarapaca.cl\/wp\/wp-content\/uploads\/DSC2948-1-2048x1365.jpg 2048w\" sizes=\"auto, (max-width: 1024px) 100vw, 1024px\" \/><\/figure>\n\n\n\n<figure class=\"wp-block-image size-large\"><img loading=\"lazy\" decoding=\"async\" width=\"1024\" height=\"683\" src=\"https:\/\/coretarapaca.cl\/wp\/wp-content\/uploads\/DSC2970-1024x683.jpg\" alt=\"\" class=\"wp-image-1799\" srcset=\"https:\/\/coretarapaca.cl\/wp\/wp-content\/uploads\/DSC2970-1024x683.jpg 1024w, https:\/\/coretarapaca.cl\/wp\/wp-content\/uploads\/DSC2970-300x200.jpg 300w, https:\/\/coretarapaca.cl\/wp\/wp-content\/uploads\/DSC2970-768x512.jpg 768w, https:\/\/coretarapaca.cl\/wp\/wp-content\/uploads\/DSC2970-1536x1024.jpg 1536w, https:\/\/coretarapaca.cl\/wp\/wp-content\/uploads\/DSC2970-2048x1365.jpg 2048w\" sizes=\"auto, (max-width: 1024px) 100vw, 1024px\" \/><\/figure>\n","protected":false},"excerpt":{"rendered":"<p>CORE priorizar\u00e1 la tramitaci\u00f3n de proyectos de equipamiento para Bomberos. Este viernes 10 de noviembre, el Presidente de la Comisi\u00f3n de Seguridad Ciudadana del Consejo Regional de Tarapac\u00e1, Sergio Asserella, acord\u00f3 establecer junto a autoridades regionales del Cuerpo de Bomberos, de la Direcci\u00f3n Regional del SERVIU y funcionarios de distintas reparticiones del Gobierno Regional de [&hellip;]<\/p>\n","protected":false},"author":3,"featured_media":1795,"comment_status":"closed","ping_status":"open","sticky":false,"template":"","format":"standard","meta":{"_mi_skip_tracking":false,"footnotes":""},"categories":[82],"tags":[],"class_list":["post-1793","post","type-post","status-publish","format-standard","has-post-thumbnail","hentry","category-seguridad-ciudadana"],"_links":{"self":[{"href":"https:\/\/coretarapaca.cl\/wp\/index.php?rest_route=\/wp\/v2\/posts\/1793","targetHints":{"allow":["GET"]}}],"collection":[{"href":"https:\/\/coretarapaca.cl\/wp\/index.php?rest_route=\/wp\/v2\/posts"}],"about":[{"href":"https:\/\/coretarapaca.cl\/wp\/index.php?rest_route=\/wp\/v2\/types\/post"}],"author":[{"embeddable":true,"href":"https:\/\/coretarapaca.cl\/wp\/index.php?rest_route=\/wp\/v2\/users\/3"}],"replies":[{"embeddable":true,"href":"https:\/\/coretarapaca.cl\/wp\/index.php?rest_route=%2Fwp%2Fv2%2Fcomments&post=1793"}],"version-history":[{"count":2,"href":"https:\/\/coretarapaca.cl\/wp\/index.php?rest_route=\/wp\/v2\/posts\/1793\/revisions"}],"predecessor-version":[{"id":1800,"href":"https:\/\/coretarapaca.cl\/wp\/index.php?rest_route=\/wp\/v2\/posts\/1793\/revisions\/1800"}],"wp:featuredmedia":[{"embeddable":true,"href":"https:\/\/coretarapaca.cl\/wp\/index.php?rest_route=\/wp\/v2\/media\/1795"}],"wp:attachment":[{"href":"https:\/\/coretarapaca.cl\/wp\/index.php?rest_route=%2Fwp%2Fv2%2Fmedia&parent=1793"}],"wp:term":[{"taxonomy":"category","embeddable":true,"href":"https:\/\/coretarapaca.cl\/wp\/index.php?rest_route=%2Fwp%2Fv2%2Fcategories&post=1793"},{"taxonomy":"post_tag","embeddable":true,"href":"https:\/\/coretarapaca.cl\/wp\/index.php?rest_route=%2Fwp%2Fv2%2Ftags&post=1793"}],"curies":[{"name":"wp","href":"https:\/\/api.w.org\/{rel}","templated":true}]}}