{"id":2046,"date":"2024-04-10T08:43:26","date_gmt":"2024-04-10T12:43:26","guid":{"rendered":"https:\/\/coretarapaca.cl\/wp\/?p=2046"},"modified":"2025-06-16T12:07:30","modified_gmt":"2025-06-16T16:07:30","slug":"el-core-tarapaca-aprobo-mas-de-627-millones-para-las-obras-de-conservacion-de-las-canchas-de-futbol-de-camina-y-de-moquella","status":"publish","type":"post","link":"https:\/\/coretarapaca.cl\/wp\/?p=2046","title":{"rendered":"EL CORE TARAPACA APROB\u00d3 M\u00c1S DE $627 MILLONES PARA LAS OBRAS DE CONSERVACI\u00d3N DE LAS CANCHAS DE F\u00daTBOL DE CAMI\u00d1A Y DE MOQUELLA."},"content":{"rendered":"\n<p class=\"has-medium-font-size\">Se instalar\u00e1n nuevas carpetas de pasto sint\u00e9tico, camarines y grader\u00edas.<\/p>\n\n\n\n<p>En la su \u00faltima sesi\u00f3n plenaria, el Consejo Regional de Tarapac\u00e1, que presidi\u00f3 el Gobernador Regional Jos\u00e9 Miguel Carvajal, aprob\u00f3 por mayor\u00eda de 14 votos, destinar m\u00e1s de 627 millones de pesos, para financiar las obras de conservaci\u00f3n de las canchas de f\u00fatbol de Cami\u00f1a y de Moquella. Ambas iniciativas fueron presentadas por la Municipalidad de Cami\u00f1a, y ser\u00e1n financiadas con recursos del Gobierno Regional.<\/p>\n\n\n\n<p class=\"has-vivid-red-color has-text-color has-link-color wp-elements-775b7fa7abd492faf33bf1773ebdc75b\"><strong>La primera propuesta, que tiene relaci\u00f3n con la conservaci\u00f3n de la cancha de f\u00fatbol de la localidad de Moquella, considera una inversi\u00f3n de 307 millones 352 mil pesos, y contempla desarrollar obras en tres sectores del complejo deportivo.<\/strong><\/p>\n\n\n\n<figure class=\"wp-block-image size-large\"><img loading=\"lazy\" decoding=\"async\" width=\"1024\" height=\"683\" src=\"https:\/\/coretarapaca.cl\/wp\/wp-content\/uploads\/DSC1389-1024x683.jpg\" alt=\"\" class=\"wp-image-2047\" srcset=\"https:\/\/coretarapaca.cl\/wp\/wp-content\/uploads\/DSC1389-1024x683.jpg 1024w, https:\/\/coretarapaca.cl\/wp\/wp-content\/uploads\/DSC1389-300x200.jpg 300w, https:\/\/coretarapaca.cl\/wp\/wp-content\/uploads\/DSC1389-768x512.jpg 768w, https:\/\/coretarapaca.cl\/wp\/wp-content\/uploads\/DSC1389-1536x1024.jpg 1536w, https:\/\/coretarapaca.cl\/wp\/wp-content\/uploads\/DSC1389-2048x1366.jpg 2048w\" sizes=\"auto, (max-width: 1024px) 100vw, 1024px\" \/><\/figure>\n\n\n\n<p>En el primer sector, que es el correspondiente a la cancha, considera el reemplazo total de la carpeta de juego, y la instalaci\u00f3n de pasto sint\u00e9tico, la construcci\u00f3n del cierre perimetral. El sector dos hace referencia a la habilitaci\u00f3n de espacios para camarines, a la limpieza general de los servicios higi\u00e9nicos, al cambio de inodoros, y al arreglo de la gasfiter\u00eda del complejo. El tercer sector considera la habilitaci\u00f3n de grader\u00edas y espacios de esparcimiento, refacci\u00f3n de pa\u00f1os, el mejoramiento de las instalaciones el\u00e9ctricas, y la aplicaci\u00f3n de pintura y de aditivos qu\u00edmicos, que permitan minimizar los da\u00f1os de la corrosi\u00f3n ambiental, entre otras obras.<\/p>\n\n\n\n<p>Esta iniciativa busca conservar y mejorar las instalaciones deportivas de Moquella, que benefician a todos los vecinos que viven en el sector bajo del Valle de Cami\u00f1a, incluyendo desde Quistagama hasta el poblado de Francia.<\/p>\n\n\n\n<p>&nbsp;&nbsp;&nbsp;&nbsp;&nbsp;&nbsp;&nbsp;&nbsp;&nbsp;&nbsp;&nbsp; En tanto, el seg\u00fan proyecto aprobado, la \u201cConservaci\u00f3n de la Cancha de F\u00fatbol de Cami\u00f1a\u201d, considera una inversi\u00f3n de 316 millones 965 mil pesos, montos que proporcionar\u00e1 el Gobierno Regional de Tarapac\u00e1.<\/p>\n\n\n\n<p>&nbsp;&nbsp;&nbsp;&nbsp;&nbsp;&nbsp;&nbsp;&nbsp;&nbsp;&nbsp;&nbsp; La propuesta plantea la refacci\u00f3n de la cancha de f\u00fatbol de la comuna, que cuenta con una superficie total de 8.720 metros cuadrados, y est\u00e1 conformada tambi\u00e9n por tres sectores. El primero incluye el reemplazo de la carpeta de juego actual, por una de pasto sint\u00e9tico. &nbsp;El sector dos considera la refacci\u00f3n de camarines, trabajos de pintura, cambio de inodoros, de lavamanos, del cielo, y arreglos de gasfiter\u00eda.<\/p>\n\n\n\n<p>Finalmente, el sector tres del complejo deportivo incluye el reemplazo de grader\u00edas, la instalaci\u00f3n de cierres perimetrales met\u00e1licos y la habilitaci\u00f3n de espacios interiores para esparcimiento.<\/p>\n\n\n\n<p>\u00a0\u00a0\u00a0\u00a0\u00a0\u00a0\u00a0\u00a0\u00a0\u00a0\u00a0 Ambos proyectos fueron presentados ante el pleno del cuerpo colegiado por el Presidente de la Comisi\u00f3n de Deportes del CORE de Tarapac\u00e1, el consejero regional Luis Carvajal. La propuesta fue aprobada por una mayor\u00eda de 14 votos, registr\u00e1ndose s\u00f3lo un voto de abstenci\u00f3n.<\/p>\n\n\n\n<figure class=\"wp-block-image size-large\"><img loading=\"lazy\" decoding=\"async\" width=\"786\" height=\"1024\" src=\"https:\/\/coretarapaca.cl\/wp\/wp-content\/uploads\/434719640_777347087821550_2785883805766813976_n-786x1024.jpg\" alt=\"\" class=\"wp-image-2048\" srcset=\"https:\/\/coretarapaca.cl\/wp\/wp-content\/uploads\/434719640_777347087821550_2785883805766813976_n-786x1024.jpg 786w, https:\/\/coretarapaca.cl\/wp\/wp-content\/uploads\/434719640_777347087821550_2785883805766813976_n-230x300.jpg 230w, https:\/\/coretarapaca.cl\/wp\/wp-content\/uploads\/434719640_777347087821550_2785883805766813976_n-768x1000.jpg 768w, https:\/\/coretarapaca.cl\/wp\/wp-content\/uploads\/434719640_777347087821550_2785883805766813976_n.jpg 983w\" sizes=\"auto, (max-width: 786px) 100vw, 786px\" \/><\/figure>\n","protected":false},"excerpt":{"rendered":"<p>Se instalar\u00e1n nuevas carpetas de pasto sint\u00e9tico, camarines y grader\u00edas. En la su \u00faltima sesi\u00f3n plenaria, el Consejo Regional de Tarapac\u00e1, que presidi\u00f3 el Gobernador Regional Jos\u00e9 Miguel Carvajal, aprob\u00f3 por mayor\u00eda de 14 votos, destinar m\u00e1s de 627 millones de pesos, para financiar las obras de conservaci\u00f3n de las canchas de f\u00fatbol de Cami\u00f1a [&hellip;]<\/p>\n","protected":false},"author":3,"featured_media":2049,"comment_status":"closed","ping_status":"open","sticky":false,"template":"","format":"standard","meta":{"_mi_skip_tracking":false,"footnotes":""},"categories":[97],"tags":[],"class_list":["post-2046","post","type-post","status-publish","format-standard","has-post-thumbnail","hentry","category-consejo-regional-de-tarapaca"],"_links":{"self":[{"href":"https:\/\/coretarapaca.cl\/wp\/index.php?rest_route=\/wp\/v2\/posts\/2046","targetHints":{"allow":["GET"]}}],"collection":[{"href":"https:\/\/coretarapaca.cl\/wp\/index.php?rest_route=\/wp\/v2\/posts"}],"about":[{"href":"https:\/\/coretarapaca.cl\/wp\/index.php?rest_route=\/wp\/v2\/types\/post"}],"author":[{"embeddable":true,"href":"https:\/\/coretarapaca.cl\/wp\/index.php?rest_route=\/wp\/v2\/users\/3"}],"replies":[{"embeddable":true,"href":"https:\/\/coretarapaca.cl\/wp\/index.php?rest_route=%2Fwp%2Fv2%2Fcomments&post=2046"}],"version-history":[{"count":1,"href":"https:\/\/coretarapaca.cl\/wp\/index.php?rest_route=\/wp\/v2\/posts\/2046\/revisions"}],"predecessor-version":[{"id":2050,"href":"https:\/\/coretarapaca.cl\/wp\/index.php?rest_route=\/wp\/v2\/posts\/2046\/revisions\/2050"}],"wp:featuredmedia":[{"embeddable":true,"href":"https:\/\/coretarapaca.cl\/wp\/index.php?rest_route=\/wp\/v2\/media\/2049"}],"wp:attachment":[{"href":"https:\/\/coretarapaca.cl\/wp\/index.php?rest_route=%2Fwp%2Fv2%2Fmedia&parent=2046"}],"wp:term":[{"taxonomy":"category","embeddable":true,"href":"https:\/\/coretarapaca.cl\/wp\/index.php?rest_route=%2Fwp%2Fv2%2Fcategories&post=2046"},{"taxonomy":"post_tag","embeddable":true,"href":"https:\/\/coretarapaca.cl\/wp\/index.php?rest_route=%2Fwp%2Fv2%2Ftags&post=2046"}],"curies":[{"name":"wp","href":"https:\/\/api.w.org\/{rel}","templated":true}]}}