{"id":2182,"date":"2025-01-02T11:18:04","date_gmt":"2025-01-02T14:18:04","guid":{"rendered":"https:\/\/coretarapaca.cl\/wp\/?p=2182"},"modified":"2025-06-16T12:06:48","modified_gmt":"2025-06-16T16:06:48","slug":"pleno-del-core-de-tarapaca-aprobo-asignar-mas-de-196-millones-para-financiar-proyecto-de-adquisicion-de-un-bus-de-acercamiento-que-beneficiara-a-196-alumnos-de-la-universidad-de-tarapaca-sede-iquiqu","status":"publish","type":"post","link":"https:\/\/coretarapaca.cl\/wp\/?p=2182","title":{"rendered":"PLENO DEL CORE DE TARAPACA APROBO ASIGNAR MAS DE $196 MILLONES PARA FINANCIAR PROYECTO DE ADQUISICION DE UN BUS DE ACERCAMIENTO, QUE BENEFICIARA A 196 ALUMNOS DE LA UNIVERSIDAD DE TARAPACA SEDE IQUIQUETABLA"},"content":{"rendered":"\n<p class=\"has-medium-font-size\">GORE financiar\u00e1 adquisici\u00f3n de bus de acercamiento para alumnos de UTA Iquique.<\/p>\n\n\n\n<p>El pleno del Consejo Regional de Tarapac\u00e1 aprob\u00f3 por la mayor\u00eda de sus integrantes, destinar m\u00e1s de 196 millones de pesos, para financiar el proyecto &#8220;Adquisici\u00f3n de un Bus de Acercamiento para Estudiantes de Educaci\u00f3n Superior&#8221;, que present\u00f3 la Universidad de Tarapac\u00e1, Sede Iquique, al Gobierno Regional de Tarapac\u00e1.<\/p>\n\n\n\n<p class=\"has-vivid-red-color has-text-color has-link-color wp-elements-c884d14e986810da8482be33f7f09dfa\"><strong>La iniciativa permitir\u00e1 que un total de 349 estudiantes de distintas carreras de la Universidad de Tarapac\u00e1, Sede Iquique, puedan contar con un bus de acercamiento que les permitir\u00e1 trasladarse hacia dicha casa de estudios superiores, sumando dos nuevos recorridos que conectar\u00e1n los distintos campus de dicho plantel.<\/strong><\/p>\n\n\n\n<figure class=\"wp-block-image size-large\"><img loading=\"lazy\" decoding=\"async\" width=\"1024\" height=\"1024\" src=\"https:\/\/coretarapaca.cl\/wp\/wp-content\/uploads\/471983765_945982710957986_1447484467048250943_n-1024x1024.jpg\" alt=\"\" class=\"wp-image-2183\" srcset=\"https:\/\/coretarapaca.cl\/wp\/wp-content\/uploads\/471983765_945982710957986_1447484467048250943_n-1024x1024.jpg 1024w, https:\/\/coretarapaca.cl\/wp\/wp-content\/uploads\/471983765_945982710957986_1447484467048250943_n-300x300.jpg 300w, https:\/\/coretarapaca.cl\/wp\/wp-content\/uploads\/471983765_945982710957986_1447484467048250943_n-150x150.jpg 150w, https:\/\/coretarapaca.cl\/wp\/wp-content\/uploads\/471983765_945982710957986_1447484467048250943_n-768x768.jpg 768w, https:\/\/coretarapaca.cl\/wp\/wp-content\/uploads\/471983765_945982710957986_1447484467048250943_n.jpg 1080w\" sizes=\"auto, (max-width: 1024px) 100vw, 1024px\" \/><\/figure>\n\n\n\n<p>Este proyecto consiste en la adquisici\u00f3n de un veh\u00edculo para complementar el actual servicio de transporte universitario, que proporciona la UTA Sede Iquique, con el objetivo de facilitar el acceso de los estudiantes a los distintos campus universitarios que existen en la comuna.<\/p>\n\n\n\n<p>La adquisici\u00f3n de este bus permitir\u00e1 ampliar la cantidad de beneficiarios, ampliando el per\u00edodo diario del servicio, hasta el horario vespertino.<\/p>\n\n\n\n<p>Adem\u00e1s, la iniciativa beneficiar\u00e1 directamente a los estudiantes, al reducir sus gastos de transporte, minimizar retrasos e inasistencias producto de los problemas de traslado, y mejorar la percepci\u00f3n de seguridad entre los mismos estudiantes, al ofrecer un servicio m\u00e1s amplio y confiable.<\/p>\n\n\n\n<p>Para la Universidad de Tarapac\u00e1, Sede Iquique, este proyecto es fundamental para reducir la inequidad en el acceso a la educaci\u00f3n superior, y permitir\u00e1 mejorar la calidad de vida de los estudiantes universitarios de la provincia de Iquique.<\/p>\n\n\n\n<p>El monto total asignado para la ejecuci\u00f3n de este proyecto, alcanza los 196 millones 350 mil pesos, inversi\u00f3n que proviene de recursos regionales.<\/p>\n\n\n\n<p>Cabe se\u00f1alar que el proyecto cont\u00f3 con el apoyo de los consejeros Freddy Araneda, Sergio Asserella, Luis Carvajal, Carlos Paillalef, Luis Castillo, Eduardo Mamani, Carlos Mancilla, Luis Milla CORE, Pedro Cisternas, Giovanna Trincado, Lautaro Lobos, Rosita Torres, Daniela Solari y del Gobernador Regional Jos\u00e9 Miguel Carvajal.<\/p>\n\n\n\n<figure class=\"wp-block-image size-large\"><img loading=\"lazy\" decoding=\"async\" width=\"1024\" height=\"768\" src=\"https:\/\/coretarapaca.cl\/wp\/wp-content\/uploads\/1000067402-1024x768.jpg\" alt=\"\" class=\"wp-image-2184\" srcset=\"https:\/\/coretarapaca.cl\/wp\/wp-content\/uploads\/1000067402-1024x768.jpg 1024w, https:\/\/coretarapaca.cl\/wp\/wp-content\/uploads\/1000067402-300x225.jpg 300w, https:\/\/coretarapaca.cl\/wp\/wp-content\/uploads\/1000067402-768x576.jpg 768w, https:\/\/coretarapaca.cl\/wp\/wp-content\/uploads\/1000067402-1536x1152.jpg 1536w, https:\/\/coretarapaca.cl\/wp\/wp-content\/uploads\/1000067402-2048x1536.jpg 2048w\" sizes=\"auto, (max-width: 1024px) 100vw, 1024px\" \/><\/figure>\n\n\n\n<p class=\"has-text-align-right\">Iquique, Jueves 2 de Enero del 2026.<\/p>\n\n\n\n<p><\/p>\n","protected":false},"excerpt":{"rendered":"<p>GORE financiar\u00e1 adquisici\u00f3n de bus de acercamiento para alumnos de UTA Iquique. El pleno del Consejo Regional de Tarapac\u00e1 aprob\u00f3 por la mayor\u00eda de sus integrantes, destinar m\u00e1s de 196 millones de pesos, para financiar el proyecto &#8220;Adquisici\u00f3n de un Bus de Acercamiento para Estudiantes de Educaci\u00f3n Superior&#8221;, que present\u00f3 la Universidad de Tarapac\u00e1, Sede [&hellip;]<\/p>\n","protected":false},"author":3,"featured_media":2184,"comment_status":"closed","ping_status":"open","sticky":false,"template":"","format":"standard","meta":{"_mi_skip_tracking":false,"footnotes":""},"categories":[80],"tags":[],"class_list":["post-2182","post","type-post","status-publish","format-standard","has-post-thumbnail","hentry","category-arte-cultura-patrimonio-y-educacion"],"_links":{"self":[{"href":"https:\/\/coretarapaca.cl\/wp\/index.php?rest_route=\/wp\/v2\/posts\/2182","targetHints":{"allow":["GET"]}}],"collection":[{"href":"https:\/\/coretarapaca.cl\/wp\/index.php?rest_route=\/wp\/v2\/posts"}],"about":[{"href":"https:\/\/coretarapaca.cl\/wp\/index.php?rest_route=\/wp\/v2\/types\/post"}],"author":[{"embeddable":true,"href":"https:\/\/coretarapaca.cl\/wp\/index.php?rest_route=\/wp\/v2\/users\/3"}],"replies":[{"embeddable":true,"href":"https:\/\/coretarapaca.cl\/wp\/index.php?rest_route=%2Fwp%2Fv2%2Fcomments&post=2182"}],"version-history":[{"count":5,"href":"https:\/\/coretarapaca.cl\/wp\/index.php?rest_route=\/wp\/v2\/posts\/2182\/revisions"}],"predecessor-version":[{"id":2190,"href":"https:\/\/coretarapaca.cl\/wp\/index.php?rest_route=\/wp\/v2\/posts\/2182\/revisions\/2190"}],"wp:featuredmedia":[{"embeddable":true,"href":"https:\/\/coretarapaca.cl\/wp\/index.php?rest_route=\/wp\/v2\/media\/2184"}],"wp:attachment":[{"href":"https:\/\/coretarapaca.cl\/wp\/index.php?rest_route=%2Fwp%2Fv2%2Fmedia&parent=2182"}],"wp:term":[{"taxonomy":"category","embeddable":true,"href":"https:\/\/coretarapaca.cl\/wp\/index.php?rest_route=%2Fwp%2Fv2%2Fcategories&post=2182"},{"taxonomy":"post_tag","embeddable":true,"href":"https:\/\/coretarapaca.cl\/wp\/index.php?rest_route=%2Fwp%2Fv2%2Ftags&post=2182"}],"curies":[{"name":"wp","href":"https:\/\/api.w.org\/{rel}","templated":true}]}}