{"id":2613,"date":"2025-08-11T17:16:33","date_gmt":"2025-08-11T21:16:33","guid":{"rendered":"https:\/\/coretarapaca.cl\/wp\/?p=2613"},"modified":"2025-08-11T17:16:33","modified_gmt":"2025-08-11T21:16:33","slug":"en-reunion-de-trabajo-de-la-comision-de-seguridad-ciudadana-del-consejo-regional-la-directiva-regional-del-cuerpo-de-bomberos-se-comprometio-a-priorizar-aquellos-proyectos-mas-urgentes-de-ejecutar","status":"publish","type":"post","link":"https:\/\/coretarapaca.cl\/wp\/?p=2613","title":{"rendered":"EN REUNION DE TRABAJO DE LA COMISION DE SEGURIDAD CIUDADANA DEL CONSEJO REGIONAL, LA DIRECTIVA REGIONAL DEL CUERPO DE BOMBEROS, SE COMPROMETIO A PRIORIZAR AQUELLOS PROYECTOS MAS URGENTES DE EJECUTAR, DE TODOS LOS QUE YA SE TRAMITAN EN EL GOBIERNO REGIONAL, PARA SU REVISION Y POTENCIAL ASIGNACION DE RECURSOS"},"content":{"rendered":"\n<p class=\"has-medium-font-size\">Directiva Regional del Cuerpo de Bomberos de Iquique concurri\u00f3 a reuni\u00f3n de trabajo convocada por la Comisi\u00f3n de Seguridad Ciudadana del CORE de Tarapac\u00e1.<\/p>\n\n\n\n<p>Este lunes 9 de agosto, se realiz\u00f3 una reuni\u00f3n de trabajo de la Comisi\u00f3n de Seguridad Ciudadana del Consejo Regional de Tarapac\u00e1, que preside la consejera Lorena Ram\u00edrez Palma, y en la que se analiz\u00f3 junto a los directivos regionales del Cuerpo de Bomberos de Iquique, el proyecto de \u201cAdquisici\u00f3n de Veh\u00edculos de Rescate Agreste para el Cuerpo de Bomberos del Tamarugal\u201d, entre otros temas.<\/p>\n\n\n\n<p>A la reuni\u00f3n concurrieron adem\u00e1s, los consejeros regionales Giovanna Trincado Avil\u00e9s, Jorge Mu\u00f1oz Gonz\u00e1lez y Luis Milla Ram\u00edrez. Tambi\u00e9n estuvieron presentes el Presidente Regional del Cuerpo de Bomberos de Iquique, Efra\u00edn Lillo Barraza; el jefe de la Divisi\u00f3n de Presupuesto e Inversi\u00f3n Regional DIPREIN del Gobierno Regional Christopher Espinoza, y la Jefa del Departamento de Inversiones de dicha divisi\u00f3n Carolina Zepeda, entre otros.<\/p>\n\n\n\n<p class=\"has-vivid-red-color has-text-color has-link-color wp-elements-596711dbd2aa6a2c3249967cd20df3e4\">Junto con revisar la iniciativa que presentaron los Bomberos de Tarapac\u00e1 al GORE, y que consiste en adquirir un veh\u00edculo especialmente dise\u00f1ado para operar en terrenos dif\u00edciles y remotos, los integrantes de la Comisi\u00f3n tambi\u00e9n revisaron el estado de avance de otras propuestas, que han sido presentadas al Gobierno Regional en a\u00f1os anteriores, y que actualmente se est\u00e1n tramitando.<\/p>\n\n\n\n<figure class=\"wp-block-image size-large\"><img loading=\"lazy\" decoding=\"async\" width=\"1024\" height=\"683\" src=\"https:\/\/coretarapaca.cl\/wp\/wp-content\/uploads\/515063300_4051837725129914_3990436183114446238_n-1024x683.jpg\" alt=\"\" class=\"wp-image-2614\" srcset=\"https:\/\/coretarapaca.cl\/wp\/wp-content\/uploads\/515063300_4051837725129914_3990436183114446238_n-1024x683.jpg 1024w, https:\/\/coretarapaca.cl\/wp\/wp-content\/uploads\/515063300_4051837725129914_3990436183114446238_n-300x200.jpg 300w, https:\/\/coretarapaca.cl\/wp\/wp-content\/uploads\/515063300_4051837725129914_3990436183114446238_n-768x512.jpg 768w, https:\/\/coretarapaca.cl\/wp\/wp-content\/uploads\/515063300_4051837725129914_3990436183114446238_n-1536x1024.jpg 1536w, https:\/\/coretarapaca.cl\/wp\/wp-content\/uploads\/515063300_4051837725129914_3990436183114446238_n.jpg 2048w\" sizes=\"auto, (max-width: 1024px) 100vw, 1024px\" \/><\/figure>\n\n\n\n<p>Antes de concluir la reuni\u00f3n, los representantes del Consejo Regional del Cuerpo de Iquique, se comprometieron ante las autoridades regionales, a entregar una pormenorizaci\u00f3n de las iniciativas priorizadas por la instituci\u00f3n, que son m\u00e1s urgentes de implementar, a fin de acelerar su tramitaci\u00f3n, revisi\u00f3n, provisi\u00f3n de fondos regionales si procede, y finalmente su ejecuci\u00f3n.<\/p>\n\n\n\n<figure class=\"wp-block-image size-large\"><img loading=\"lazy\" decoding=\"async\" width=\"1024\" height=\"683\" src=\"https:\/\/coretarapaca.cl\/wp\/wp-content\/uploads\/515435930_4051837608463259_2483436503070794005_n-1024x683.jpg\" alt=\"\" class=\"wp-image-2615\" srcset=\"https:\/\/coretarapaca.cl\/wp\/wp-content\/uploads\/515435930_4051837608463259_2483436503070794005_n-1024x683.jpg 1024w, https:\/\/coretarapaca.cl\/wp\/wp-content\/uploads\/515435930_4051837608463259_2483436503070794005_n-300x200.jpg 300w, https:\/\/coretarapaca.cl\/wp\/wp-content\/uploads\/515435930_4051837608463259_2483436503070794005_n-768x512.jpg 768w, https:\/\/coretarapaca.cl\/wp\/wp-content\/uploads\/515435930_4051837608463259_2483436503070794005_n-1536x1024.jpg 1536w, https:\/\/coretarapaca.cl\/wp\/wp-content\/uploads\/515435930_4051837608463259_2483436503070794005_n.jpg 2048w\" sizes=\"auto, (max-width: 1024px) 100vw, 1024px\" \/><\/figure>\n\n\n\n<figure class=\"wp-block-image size-large\"><img loading=\"lazy\" decoding=\"async\" width=\"1024\" height=\"683\" src=\"https:\/\/coretarapaca.cl\/wp\/wp-content\/uploads\/519678614_4051837621796591_8264075057847089839_n-1024x683.jpg\" alt=\"\" class=\"wp-image-2616\" srcset=\"https:\/\/coretarapaca.cl\/wp\/wp-content\/uploads\/519678614_4051837621796591_8264075057847089839_n-1024x683.jpg 1024w, https:\/\/coretarapaca.cl\/wp\/wp-content\/uploads\/519678614_4051837621796591_8264075057847089839_n-300x200.jpg 300w, https:\/\/coretarapaca.cl\/wp\/wp-content\/uploads\/519678614_4051837621796591_8264075057847089839_n-768x512.jpg 768w, https:\/\/coretarapaca.cl\/wp\/wp-content\/uploads\/519678614_4051837621796591_8264075057847089839_n-1536x1024.jpg 1536w, https:\/\/coretarapaca.cl\/wp\/wp-content\/uploads\/519678614_4051837621796591_8264075057847089839_n.jpg 2048w\" sizes=\"auto, (max-width: 1024px) 100vw, 1024px\" \/><\/figure>\n\n\n\n<figure class=\"wp-block-image size-large\"><img loading=\"lazy\" decoding=\"async\" width=\"1024\" height=\"683\" src=\"https:\/\/coretarapaca.cl\/wp\/wp-content\/uploads\/530457839_4051837515129935_6622322597396179486_n-1024x683.jpg\" alt=\"\" class=\"wp-image-2617\" srcset=\"https:\/\/coretarapaca.cl\/wp\/wp-content\/uploads\/530457839_4051837515129935_6622322597396179486_n-1024x683.jpg 1024w, https:\/\/coretarapaca.cl\/wp\/wp-content\/uploads\/530457839_4051837515129935_6622322597396179486_n-300x200.jpg 300w, https:\/\/coretarapaca.cl\/wp\/wp-content\/uploads\/530457839_4051837515129935_6622322597396179486_n-768x512.jpg 768w, https:\/\/coretarapaca.cl\/wp\/wp-content\/uploads\/530457839_4051837515129935_6622322597396179486_n-1536x1025.jpg 1536w, https:\/\/coretarapaca.cl\/wp\/wp-content\/uploads\/530457839_4051837515129935_6622322597396179486_n.jpg 2048w\" sizes=\"auto, (max-width: 1024px) 100vw, 1024px\" \/><\/figure>\n\n\n\n<figure class=\"wp-block-image size-large\"><img loading=\"lazy\" decoding=\"async\" width=\"1024\" height=\"683\" src=\"https:\/\/coretarapaca.cl\/wp\/wp-content\/uploads\/531077536_4051837635129923_8512451980034848375_n-1024x683.jpg\" alt=\"\" class=\"wp-image-2618\" srcset=\"https:\/\/coretarapaca.cl\/wp\/wp-content\/uploads\/531077536_4051837635129923_8512451980034848375_n-1024x683.jpg 1024w, https:\/\/coretarapaca.cl\/wp\/wp-content\/uploads\/531077536_4051837635129923_8512451980034848375_n-300x200.jpg 300w, https:\/\/coretarapaca.cl\/wp\/wp-content\/uploads\/531077536_4051837635129923_8512451980034848375_n-768x512.jpg 768w, https:\/\/coretarapaca.cl\/wp\/wp-content\/uploads\/531077536_4051837635129923_8512451980034848375_n-1536x1024.jpg 1536w, https:\/\/coretarapaca.cl\/wp\/wp-content\/uploads\/531077536_4051837635129923_8512451980034848375_n.jpg 2048w\" sizes=\"auto, (max-width: 1024px) 100vw, 1024px\" \/><\/figure>\n\n\n\n<figure class=\"wp-block-image size-large\"><img loading=\"lazy\" decoding=\"async\" width=\"1024\" height=\"683\" src=\"https:\/\/coretarapaca.cl\/wp\/wp-content\/uploads\/532257624_4051837485129938_6599840516252735399_n-1024x683.jpg\" alt=\"\" class=\"wp-image-2619\" srcset=\"https:\/\/coretarapaca.cl\/wp\/wp-content\/uploads\/532257624_4051837485129938_6599840516252735399_n-1024x683.jpg 1024w, https:\/\/coretarapaca.cl\/wp\/wp-content\/uploads\/532257624_4051837485129938_6599840516252735399_n-300x200.jpg 300w, https:\/\/coretarapaca.cl\/wp\/wp-content\/uploads\/532257624_4051837485129938_6599840516252735399_n-768x512.jpg 768w, https:\/\/coretarapaca.cl\/wp\/wp-content\/uploads\/532257624_4051837485129938_6599840516252735399_n-1536x1024.jpg 1536w, https:\/\/coretarapaca.cl\/wp\/wp-content\/uploads\/532257624_4051837485129938_6599840516252735399_n.jpg 2048w\" sizes=\"auto, (max-width: 1024px) 100vw, 1024px\" \/><\/figure>\n","protected":false},"excerpt":{"rendered":"<p>Directiva Regional del Cuerpo de Bomberos de Iquique concurri\u00f3 a reuni\u00f3n de trabajo convocada por la Comisi\u00f3n de Seguridad Ciudadana del CORE de Tarapac\u00e1. Este lunes 9 de agosto, se realiz\u00f3 una reuni\u00f3n de trabajo de la Comisi\u00f3n de Seguridad Ciudadana del Consejo Regional de Tarapac\u00e1, que preside la consejera Lorena Ram\u00edrez Palma, y en [&hellip;]<\/p>\n","protected":false},"author":3,"featured_media":2620,"comment_status":"closed","ping_status":"","sticky":false,"template":"","format":"standard","meta":{"_mi_skip_tracking":false,"footnotes":""},"categories":[82],"tags":[],"class_list":["post-2613","post","type-post","status-publish","format-standard","has-post-thumbnail","hentry","category-seguridad-ciudadana"],"_links":{"self":[{"href":"https:\/\/coretarapaca.cl\/wp\/index.php?rest_route=\/wp\/v2\/posts\/2613","targetHints":{"allow":["GET"]}}],"collection":[{"href":"https:\/\/coretarapaca.cl\/wp\/index.php?rest_route=\/wp\/v2\/posts"}],"about":[{"href":"https:\/\/coretarapaca.cl\/wp\/index.php?rest_route=\/wp\/v2\/types\/post"}],"author":[{"embeddable":true,"href":"https:\/\/coretarapaca.cl\/wp\/index.php?rest_route=\/wp\/v2\/users\/3"}],"replies":[{"embeddable":true,"href":"https:\/\/coretarapaca.cl\/wp\/index.php?rest_route=%2Fwp%2Fv2%2Fcomments&post=2613"}],"version-history":[{"count":1,"href":"https:\/\/coretarapaca.cl\/wp\/index.php?rest_route=\/wp\/v2\/posts\/2613\/revisions"}],"predecessor-version":[{"id":2621,"href":"https:\/\/coretarapaca.cl\/wp\/index.php?rest_route=\/wp\/v2\/posts\/2613\/revisions\/2621"}],"wp:featuredmedia":[{"embeddable":true,"href":"https:\/\/coretarapaca.cl\/wp\/index.php?rest_route=\/wp\/v2\/media\/2620"}],"wp:attachment":[{"href":"https:\/\/coretarapaca.cl\/wp\/index.php?rest_route=%2Fwp%2Fv2%2Fmedia&parent=2613"}],"wp:term":[{"taxonomy":"category","embeddable":true,"href":"https:\/\/coretarapaca.cl\/wp\/index.php?rest_route=%2Fwp%2Fv2%2Fcategories&post=2613"},{"taxonomy":"post_tag","embeddable":true,"href":"https:\/\/coretarapaca.cl\/wp\/index.php?rest_route=%2Fwp%2Fv2%2Ftags&post=2613"}],"curies":[{"name":"wp","href":"https:\/\/api.w.org\/{rel}","templated":true}]}}