{"id":2678,"date":"2025-08-28T11:08:54","date_gmt":"2025-08-28T15:08:54","guid":{"rendered":"https:\/\/coretarapaca.cl\/wp\/?p=2678"},"modified":"2025-08-28T11:10:29","modified_gmt":"2025-08-28T15:10:29","slug":"en-su-xvi-sesion-plenaria-del-ano-el-pleno-del-core-de-tarapaca-aprobo-la-entrega-de-mas-de-875-millones-de-fondos-regionales-para-la-ejecucion-del-proyecto-de-adquisicion-de-equipos-para-dotar","status":"publish","type":"post","link":"https:\/\/coretarapaca.cl\/wp\/?p=2678","title":{"rendered":"EN SU XVI SESION PLENARIA DEL A\u00d1O, EL PLENO DEL CORE DE TARAPACA, APROB\u00d3 LA ENTREGA DE MAS DE $875 MILLONES, DE FONDOS REGIONALES, PARA LA EJECUCION DEL PROYECTO DE ADQUISICION DE EQUIPOS, PARA DOTAR EL LABORATORIO DE ENERGIA SMART GRID DE LA UNIVERSIDAD DE TARAPACA"},"content":{"rendered":"\n<p class=\"has-medium-font-size\">El proyecto considera una inversi\u00f3n total de 875 millones 117 mil pesos, recursos que corresponden a fondos regionales.<\/p>\n\n\n\n<p>Por mayor\u00eda de 14 votos, el Consejo Regional de Tarapac\u00e1 aprob\u00f3 en sesi\u00f3n plenaria realizada este mi\u00e9rcoles 27 de agosto, y que presidi\u00f3 el Gobernador Regional de Tarapac\u00e1 Jos\u00e9 Miguel Carvajal, destinar m\u00e1s de 875 millones de pesos de fondos regionales, para financiar la ejecuci\u00f3n del proyecto \u201cAdquisici\u00f3n de un Equipo para Laboratorio de Energ\u00eda Smart GRID con componentes y programas\u201d, que present\u00f3 la Universidad de Tarapac\u00e1 Sede Iquique.<\/p>\n\n\n\n<p class=\"has-vivid-red-color has-text-color has-link-color wp-elements-a46c04b1d99a2da1adc1e16f2a4440e1\">&nbsp;&nbsp;&nbsp;&nbsp;&nbsp;&nbsp;&nbsp;&nbsp;&nbsp;&nbsp;&nbsp; La propuesta fue expuesta ante el pleno del cuerpo colegiado, por la Presidenta de la Comisi\u00f3n de Educaci\u00f3n del Consejo Regional, la consejera Anally Ferreira Herrera.<\/p>\n\n\n\n<figure class=\"wp-block-image size-large\"><img loading=\"lazy\" decoding=\"async\" width=\"1024\" height=\"683\" src=\"https:\/\/coretarapaca.cl\/wp\/wp-content\/uploads\/DSC9232-1024x683.jpg\" alt=\"\" class=\"wp-image-2680\" srcset=\"https:\/\/coretarapaca.cl\/wp\/wp-content\/uploads\/DSC9232-1024x683.jpg 1024w, https:\/\/coretarapaca.cl\/wp\/wp-content\/uploads\/DSC9232-300x200.jpg 300w, https:\/\/coretarapaca.cl\/wp\/wp-content\/uploads\/DSC9232-768x512.jpg 768w, https:\/\/coretarapaca.cl\/wp\/wp-content\/uploads\/DSC9232-1536x1024.jpg 1536w, https:\/\/coretarapaca.cl\/wp\/wp-content\/uploads\/DSC9232-2048x1366.jpg 2048w\" sizes=\"auto, (max-width: 1024px) 100vw, 1024px\" \/><\/figure>\n\n\n\n<p>&nbsp;&nbsp;&nbsp;&nbsp;&nbsp;&nbsp;&nbsp;&nbsp;&nbsp;&nbsp;&nbsp; El proyecto, que considera una inversi\u00f3n total de 875 millones 117 mil pesos, consiste en la adquisici\u00f3n de un equipo para el laboratorio de energ\u00eda denominado \u201cSMART GRID\u201d, que incorpora componentes y programas inform\u00e1ticos, destinados a mejorar significativamente, la calidad de la formaci\u00f3n profesional, que se imparte los estudiantes del \u00e1rea el\u00e9ctrica de la Universidad de Tarapac\u00e1, Sede Iquique.<\/p>\n\n\n\n<p>Seg\u00fan la unidad formuladora del proyecto, su implementaci\u00f3n permitir\u00e1 formar profesionales especializados en eficiencia energ\u00e9tica, en el manejo del hidr\u00f3geno para la generaci\u00f3n de energ\u00eda el\u00e9ctrica, y en el desarrollo de energ\u00edas renovables, como la e\u00f3lica, la solar y los sistemas de almacenamiento hidr\u00e1ulico por bombeo.<\/p>\n\n\n\n<p>Adem\u00e1s, la incorporaci\u00f3n de este laboratorio fortalecer\u00e1 la transferencia de conocimientos, para impulsar el desarrollo energ\u00e9tico de la provincia de Iquique, de la regi\u00f3n, y del pa\u00eds, promoviendo a su vez, la investigaci\u00f3n aplicada en \u00e1reas como las energ\u00edas renovables y la eficiencia energ\u00e9tica.<\/p>\n\n\n\n<p>&nbsp;&nbsp;&nbsp;&nbsp;&nbsp;&nbsp;&nbsp;&nbsp;&nbsp;&nbsp;&nbsp; El proyecto considera una inversi\u00f3n total de 845 millones 117 mil pesos, de los cuales, 799 millones 982 mil pesos se destinar\u00e1n a la adquisici\u00f3n de las m\u00e1quinas y equipos del Laboratorio de Energ\u00eda Smart Grid, y 45 millones 135 mil pesos, se invertir\u00e1n en la compra de los programas inform\u00e1ticos con los &nbsp;que opera el dispositivo.<\/p>\n\n\n\n<figure class=\"wp-block-image size-large\"><img loading=\"lazy\" decoding=\"async\" width=\"819\" height=\"1024\" src=\"https:\/\/coretarapaca.cl\/wp\/wp-content\/uploads\/539131445_1121264826763106_3675600485298255464_n-819x1024.jpg\" alt=\"\" class=\"wp-image-2679\" srcset=\"https:\/\/coretarapaca.cl\/wp\/wp-content\/uploads\/539131445_1121264826763106_3675600485298255464_n-819x1024.jpg 819w, https:\/\/coretarapaca.cl\/wp\/wp-content\/uploads\/539131445_1121264826763106_3675600485298255464_n-240x300.jpg 240w, https:\/\/coretarapaca.cl\/wp\/wp-content\/uploads\/539131445_1121264826763106_3675600485298255464_n-768x960.jpg 768w, https:\/\/coretarapaca.cl\/wp\/wp-content\/uploads\/539131445_1121264826763106_3675600485298255464_n-1229x1536.jpg 1229w, https:\/\/coretarapaca.cl\/wp\/wp-content\/uploads\/539131445_1121264826763106_3675600485298255464_n.jpg 1638w\" sizes=\"auto, (max-width: 819px) 100vw, 819px\" \/><\/figure>\n","protected":false},"excerpt":{"rendered":"<p>El proyecto considera una inversi\u00f3n total de 875 millones 117 mil pesos, recursos que corresponden a fondos regionales. Por mayor\u00eda de 14 votos, el Consejo Regional de Tarapac\u00e1 aprob\u00f3 en sesi\u00f3n plenaria realizada este mi\u00e9rcoles 27 de agosto, y que presidi\u00f3 el Gobernador Regional de Tarapac\u00e1 Jos\u00e9 Miguel Carvajal, destinar m\u00e1s de 875 millones de [&hellip;]<\/p>\n","protected":false},"author":3,"featured_media":2681,"comment_status":"closed","ping_status":"","sticky":false,"template":"","format":"standard","meta":{"_mi_skip_tracking":false,"footnotes":""},"categories":[97],"tags":[],"class_list":["post-2678","post","type-post","status-publish","format-standard","has-post-thumbnail","hentry","category-consejo-regional-de-tarapaca"],"_links":{"self":[{"href":"https:\/\/coretarapaca.cl\/wp\/index.php?rest_route=\/wp\/v2\/posts\/2678","targetHints":{"allow":["GET"]}}],"collection":[{"href":"https:\/\/coretarapaca.cl\/wp\/index.php?rest_route=\/wp\/v2\/posts"}],"about":[{"href":"https:\/\/coretarapaca.cl\/wp\/index.php?rest_route=\/wp\/v2\/types\/post"}],"author":[{"embeddable":true,"href":"https:\/\/coretarapaca.cl\/wp\/index.php?rest_route=\/wp\/v2\/users\/3"}],"replies":[{"embeddable":true,"href":"https:\/\/coretarapaca.cl\/wp\/index.php?rest_route=%2Fwp%2Fv2%2Fcomments&post=2678"}],"version-history":[{"count":2,"href":"https:\/\/coretarapaca.cl\/wp\/index.php?rest_route=\/wp\/v2\/posts\/2678\/revisions"}],"predecessor-version":[{"id":2683,"href":"https:\/\/coretarapaca.cl\/wp\/index.php?rest_route=\/wp\/v2\/posts\/2678\/revisions\/2683"}],"wp:featuredmedia":[{"embeddable":true,"href":"https:\/\/coretarapaca.cl\/wp\/index.php?rest_route=\/wp\/v2\/media\/2681"}],"wp:attachment":[{"href":"https:\/\/coretarapaca.cl\/wp\/index.php?rest_route=%2Fwp%2Fv2%2Fmedia&parent=2678"}],"wp:term":[{"taxonomy":"category","embeddable":true,"href":"https:\/\/coretarapaca.cl\/wp\/index.php?rest_route=%2Fwp%2Fv2%2Fcategories&post=2678"},{"taxonomy":"post_tag","embeddable":true,"href":"https:\/\/coretarapaca.cl\/wp\/index.php?rest_route=%2Fwp%2Fv2%2Ftags&post=2678"}],"curies":[{"name":"wp","href":"https:\/\/api.w.org\/{rel}","templated":true}]}}