{"id":2685,"date":"2025-08-28T16:30:48","date_gmt":"2025-08-28T20:30:48","guid":{"rendered":"https:\/\/coretarapaca.cl\/wp\/?p=2685"},"modified":"2025-08-28T16:30:48","modified_gmt":"2025-08-28T20:30:48","slug":"por-unanimidad-los-integrantes-del-consejo-regional-de-tarapaca-aprobaron-la-solicitud-de-modificacion-y-suplementacion-del-proyecto-reposicion-equipos-de-rayos-x-y-mamografia-qu","status":"publish","type":"post","link":"https:\/\/coretarapaca.cl\/wp\/?p=2685","title":{"rendered":"POR UNANIMIDAD, LOS INTEGRANTES DEL CONSEJO REGIONAL DE TARAPAC\u00c1, APROBARON LA SOLICITUD DE MODIFICACI\u00d3N Y SUPLEMENTACI\u00d3N DEL PROYECTO: \u201cREPOSICI\u00d3N EQUIPOS DE RAYOS X Y MAMOGRAF\u00cdA\u201d, QUE PRESENT\u00d3 ANTE EL GOBIERNO REGIONAL, LA MUNICIPALIDAD DE ALTO HOSPICIO"},"content":{"rendered":"\n<p class=\"has-medium-font-size\">La propuesta fue presentada en la sesi\u00f3n plenaria, que presidi\u00f3 el Gobernador Regional de Tarapac\u00e1 Jos\u00e9 Miguel Carvajal, por el Presidente de la Comisi\u00f3n de Salud del CORE, el consejero Lautaro Lobos.<\/p>\n\n\n\n<p>El objetivo del proyecto, en tanto, es beneficiar directamente a los usuarios de la Red de la Atenci\u00f3n Primaria de Salud de Alto Hospicio, y en particular, a los inscritos en el CESFAM&nbsp; Dr. H\u00e9ctor Reyno. La iniciativa busca mejorar las prestaciones diagn\u00f3sticas que ofrece la atenci\u00f3n de salud municipal, en la toma de radiograf\u00edas y de mamograf\u00edas, mediante equipos actualizados y funcionales.<\/p>\n\n\n\n<p class=\"has-vivid-red-color has-text-color has-link-color wp-elements-757c0beaba40e9a5f7ce7ef360d9360e\">Con lo anterior, se busca garantizar al usuario de la Atenci\u00f3n Primaria de Salud de Alto Hospicio, la disponibilidad, el acceso y la calidad de los servicios de toma de estos ex\u00e1menes, facilitando el diagn\u00f3stico temprano y preventivo de las patolog\u00edas m\u00e9dicas de alta complejidad.<\/p>\n\n\n\n<figure class=\"wp-block-image size-large\"><img loading=\"lazy\" decoding=\"async\" width=\"1024\" height=\"683\" src=\"https:\/\/coretarapaca.cl\/wp\/wp-content\/uploads\/DSC9034-1024x683.jpg\" alt=\"\" class=\"wp-image-2686\" srcset=\"https:\/\/coretarapaca.cl\/wp\/wp-content\/uploads\/DSC9034-1024x683.jpg 1024w, https:\/\/coretarapaca.cl\/wp\/wp-content\/uploads\/DSC9034-300x200.jpg 300w, https:\/\/coretarapaca.cl\/wp\/wp-content\/uploads\/DSC9034-768x512.jpg 768w, https:\/\/coretarapaca.cl\/wp\/wp-content\/uploads\/DSC9034-1536x1024.jpg 1536w, https:\/\/coretarapaca.cl\/wp\/wp-content\/uploads\/DSC9034-2048x1365.jpg 2048w\" sizes=\"auto, (max-width: 1024px) 100vw, 1024px\" \/><\/figure>\n\n\n\n<p>Cabe se\u00f1alar que inicialmente, el a\u00f1o 2024, esta iniciativa fue aprobada por un monto de 254 millones 712 mil pesos. Este a\u00f1o, la Municipalidad de Alto Hospicio llev\u00f3 a cabo la licitaci\u00f3n de los insumos, para la adquisici\u00f3n de un Equipo de Rayos X y de un Mam\u00f3grafo, por el monto citado anteriormente.<\/p>\n\n\n\n<p>El resultado de la licitaci\u00f3n indic\u00f3 que la adquisici\u00f3n del mam\u00f3grafo se adjudic\u00f3 a la empresa International Clinics S.A., por un monto de 182 millones 308 mil pesos. No obstante, la l\u00ednea de adjudicaci\u00f3n del Equipo de Rayos X fue declarada desierta, porque no se recibieron ofertas acordes al presupuesto disponible. Por tal raz\u00f3n, la Municipalidad de Alto Hospicio, solicit\u00f3 al Gobierno Regional de Tarapac\u00e1, una reevaluaci\u00f3n del proyecto, y una suplementaci\u00f3n de los recursos que fueron asignados inicialmente.<\/p>\n\n\n\n<p>Finalmente, la cotizaci\u00f3n de menor valor, presentada por la Municipalidad de Alto Hospicio, consider\u00f3 un monto de 153 millones 997 mil 900 pesos, por lo que se solicit\u00f3 una suplementaci\u00f3n de recursos por 81 millones 597 mil pesos, para la adquisici\u00f3n del Equipo de Rayos X.<\/p>\n\n\n\n<p>En la sesi\u00f3n de este mi\u00e9rcoles 27 de agosto, la moci\u00f3n fue aprobada de manera un\u00e1nime por el pleno del cuerpo colegiado.<\/p>\n\n\n\n<figure class=\"wp-block-image size-large\"><img loading=\"lazy\" decoding=\"async\" width=\"1024\" height=\"683\" src=\"https:\/\/coretarapaca.cl\/wp\/wp-content\/uploads\/DSC9472-1024x683.jpg\" alt=\"\" class=\"wp-image-2687\" srcset=\"https:\/\/coretarapaca.cl\/wp\/wp-content\/uploads\/DSC9472-1024x683.jpg 1024w, https:\/\/coretarapaca.cl\/wp\/wp-content\/uploads\/DSC9472-300x200.jpg 300w, https:\/\/coretarapaca.cl\/wp\/wp-content\/uploads\/DSC9472-768x512.jpg 768w, https:\/\/coretarapaca.cl\/wp\/wp-content\/uploads\/DSC9472-1536x1024.jpg 1536w, https:\/\/coretarapaca.cl\/wp\/wp-content\/uploads\/DSC9472-2048x1365.jpg 2048w\" sizes=\"auto, (max-width: 1024px) 100vw, 1024px\" \/><\/figure>\n","protected":false},"excerpt":{"rendered":"<p>La propuesta fue presentada en la sesi\u00f3n plenaria, que presidi\u00f3 el Gobernador Regional de Tarapac\u00e1 Jos\u00e9 Miguel Carvajal, por el Presidente de la Comisi\u00f3n de Salud del CORE, el consejero Lautaro Lobos. El objetivo del proyecto, en tanto, es beneficiar directamente a los usuarios de la Red de la Atenci\u00f3n Primaria de Salud de Alto [&hellip;]<\/p>\n","protected":false},"author":3,"featured_media":2688,"comment_status":"closed","ping_status":"","sticky":false,"template":"","format":"standard","meta":{"_mi_skip_tracking":false,"footnotes":""},"categories":[97],"tags":[],"class_list":["post-2685","post","type-post","status-publish","format-standard","has-post-thumbnail","hentry","category-consejo-regional-de-tarapaca"],"_links":{"self":[{"href":"https:\/\/coretarapaca.cl\/wp\/index.php?rest_route=\/wp\/v2\/posts\/2685","targetHints":{"allow":["GET"]}}],"collection":[{"href":"https:\/\/coretarapaca.cl\/wp\/index.php?rest_route=\/wp\/v2\/posts"}],"about":[{"href":"https:\/\/coretarapaca.cl\/wp\/index.php?rest_route=\/wp\/v2\/types\/post"}],"author":[{"embeddable":true,"href":"https:\/\/coretarapaca.cl\/wp\/index.php?rest_route=\/wp\/v2\/users\/3"}],"replies":[{"embeddable":true,"href":"https:\/\/coretarapaca.cl\/wp\/index.php?rest_route=%2Fwp%2Fv2%2Fcomments&post=2685"}],"version-history":[{"count":1,"href":"https:\/\/coretarapaca.cl\/wp\/index.php?rest_route=\/wp\/v2\/posts\/2685\/revisions"}],"predecessor-version":[{"id":2689,"href":"https:\/\/coretarapaca.cl\/wp\/index.php?rest_route=\/wp\/v2\/posts\/2685\/revisions\/2689"}],"wp:featuredmedia":[{"embeddable":true,"href":"https:\/\/coretarapaca.cl\/wp\/index.php?rest_route=\/wp\/v2\/media\/2688"}],"wp:attachment":[{"href":"https:\/\/coretarapaca.cl\/wp\/index.php?rest_route=%2Fwp%2Fv2%2Fmedia&parent=2685"}],"wp:term":[{"taxonomy":"category","embeddable":true,"href":"https:\/\/coretarapaca.cl\/wp\/index.php?rest_route=%2Fwp%2Fv2%2Fcategories&post=2685"},{"taxonomy":"post_tag","embeddable":true,"href":"https:\/\/coretarapaca.cl\/wp\/index.php?rest_route=%2Fwp%2Fv2%2Ftags&post=2685"}],"curies":[{"name":"wp","href":"https:\/\/api.w.org\/{rel}","templated":true}]}}