{"id":2690,"date":"2025-08-29T13:32:21","date_gmt":"2025-08-29T17:32:21","guid":{"rendered":"https:\/\/coretarapaca.cl\/wp\/?p=2690"},"modified":"2025-08-29T13:32:21","modified_gmt":"2025-08-29T17:32:21","slug":"consejeros-regionales-participaron-en-la-ceremonia-de-cuenta-de-gestion-participativa-2024-del-gobierno-regional-que-presento-el-gobernador-jose-miguel-carvajal-al-evento-asistieron-gran-cantidad-de","status":"publish","type":"post","link":"https:\/\/coretarapaca.cl\/wp\/?p=2690","title":{"rendered":"CONSEJEROS REGIONALES PARTICIPARON EN LA CEREMONIA DE CUENTA DE GESTION PARTICIPATIVA 2024 DEL GOBIERNO REGIONAL, QUE PRESENTO EL GOBERNADOR JOSE MIGUEL CARVAJAL. AL EVENTO ASISTIERON GRAN CANTIDAD DE DIRIGENTES SOCIALES, VECINALES Y DEL DEPORTE, VENIDOS DE LAS DISTINTAS COMUNAS DE TARAPACA"},"content":{"rendered":"\n<p class=\"has-medium-font-size\">Al evento asistieron gran cantidad de dirigentes sociales, vecinales y del deporte, venidos de las distintas comunas de Tarapac\u00e1.<\/p>\n\n\n\n<p>&nbsp;&nbsp;&nbsp;&nbsp;&nbsp;&nbsp;&nbsp;&nbsp;&nbsp;&nbsp;&nbsp; Los consejeros regionales Lorena Ram\u00edrez Silva, Francisco Lincheo Torrej\u00f3n, Mauricio Schmidt Silva, Sergio Asserella Alvarado, Octavio L\u00f3pez \u00c1valos y Pablo Espinoza Caqueo, asistieron en representaci\u00f3n del Consejo Regional, a la Cuenta P\u00fablica 2024 Participativa del GORE de Tarapac\u00e1, que present\u00f3 este jueves 28 de agosto, el Gobernador Regional Jos\u00e9 Miguel Carvajal, y que se realiz\u00f3 en el Hotel Gavina, en el marco de la conmemoraci\u00f3n del Mes del Dirigente Social.<\/p>\n\n\n\n<p class=\"has-vivid-red-color has-text-color has-link-color wp-elements-c98f827a1479e220eb3ff7d620f92074\">&nbsp;&nbsp;&nbsp;&nbsp;&nbsp;&nbsp;&nbsp;&nbsp;&nbsp;&nbsp;&nbsp; La instancia tuvo como objetivo, exponer ante los dirigentes sociales, vecinales y deportivos de la regi\u00f3n, los principales avances y logros del Gobierno Regional de Tarapac\u00e1, alcanzados durante el a\u00f1o 2024.<\/p>\n\n\n\n<figure class=\"wp-block-image size-large\"><img loading=\"lazy\" decoding=\"async\" width=\"1024\" height=\"683\" src=\"https:\/\/coretarapaca.cl\/wp\/wp-content\/uploads\/536273503_4069520026695017_2468048765934124519_n-1024x683.jpg\" alt=\"\" class=\"wp-image-2692\" srcset=\"https:\/\/coretarapaca.cl\/wp\/wp-content\/uploads\/536273503_4069520026695017_2468048765934124519_n-1024x683.jpg 1024w, https:\/\/coretarapaca.cl\/wp\/wp-content\/uploads\/536273503_4069520026695017_2468048765934124519_n-300x200.jpg 300w, https:\/\/coretarapaca.cl\/wp\/wp-content\/uploads\/536273503_4069520026695017_2468048765934124519_n-768x512.jpg 768w, https:\/\/coretarapaca.cl\/wp\/wp-content\/uploads\/536273503_4069520026695017_2468048765934124519_n-1536x1024.jpg 1536w, https:\/\/coretarapaca.cl\/wp\/wp-content\/uploads\/536273503_4069520026695017_2468048765934124519_n.jpg 2048w\" sizes=\"auto, (max-width: 1024px) 100vw, 1024px\" \/><\/figure>\n\n\n\n<p>&nbsp;&nbsp;&nbsp;&nbsp;&nbsp;&nbsp;&nbsp;&nbsp;&nbsp;&nbsp;&nbsp; El principal orador del evento fue el Gobernador Regional de Tarapac\u00e1, qui\u00e9n tambi\u00e9n, expuso las proyecciones de la regi\u00f3n, contempladas en la Estrategia Regional de Desarrollo ERD, que contiene el plan de crecimiento para Tarapac\u00e1, con perspectivas al a\u00f1o 2035.<\/p>\n\n\n\n<p>&nbsp;&nbsp;&nbsp;&nbsp;&nbsp;&nbsp;&nbsp;&nbsp;&nbsp;&nbsp;&nbsp; En la ceremonia participaron adem\u00e1s, autoridades regionales, parlamentarios, comandantes de las fuerzas armadas y de orden, y los alcaldes de Iquique, Alto Hospicio y Pozo Almonte, entre otros.<\/p>\n\n\n\n<figure class=\"wp-block-image size-large\"><img loading=\"lazy\" decoding=\"async\" width=\"1024\" height=\"683\" src=\"https:\/\/coretarapaca.cl\/wp\/wp-content\/uploads\/536268509_4069519990028354_5893209386746551095_n-1024x683.jpg\" alt=\"\" class=\"wp-image-2693\" srcset=\"https:\/\/coretarapaca.cl\/wp\/wp-content\/uploads\/536268509_4069519990028354_5893209386746551095_n-1024x683.jpg 1024w, https:\/\/coretarapaca.cl\/wp\/wp-content\/uploads\/536268509_4069519990028354_5893209386746551095_n-300x200.jpg 300w, https:\/\/coretarapaca.cl\/wp\/wp-content\/uploads\/536268509_4069519990028354_5893209386746551095_n-768x512.jpg 768w, https:\/\/coretarapaca.cl\/wp\/wp-content\/uploads\/536268509_4069519990028354_5893209386746551095_n-1536x1024.jpg 1536w, https:\/\/coretarapaca.cl\/wp\/wp-content\/uploads\/536268509_4069519990028354_5893209386746551095_n.jpg 2048w\" sizes=\"auto, (max-width: 1024px) 100vw, 1024px\" \/><\/figure>\n\n\n\n<figure class=\"wp-block-image size-large\"><img loading=\"lazy\" decoding=\"async\" width=\"1024\" height=\"683\" src=\"https:\/\/coretarapaca.cl\/wp\/wp-content\/uploads\/536272776_4069525386694481_2724253244603672329_n-1024x683.jpg\" alt=\"\" class=\"wp-image-2694\" srcset=\"https:\/\/coretarapaca.cl\/wp\/wp-content\/uploads\/536272776_4069525386694481_2724253244603672329_n-1024x683.jpg 1024w, https:\/\/coretarapaca.cl\/wp\/wp-content\/uploads\/536272776_4069525386694481_2724253244603672329_n-300x200.jpg 300w, https:\/\/coretarapaca.cl\/wp\/wp-content\/uploads\/536272776_4069525386694481_2724253244603672329_n-768x512.jpg 768w, https:\/\/coretarapaca.cl\/wp\/wp-content\/uploads\/536272776_4069525386694481_2724253244603672329_n-1536x1024.jpg 1536w, https:\/\/coretarapaca.cl\/wp\/wp-content\/uploads\/536272776_4069525386694481_2724253244603672329_n.jpg 2048w\" sizes=\"auto, (max-width: 1024px) 100vw, 1024px\" \/><\/figure>\n\n\n\n<figure class=\"wp-block-image size-large\"><img loading=\"lazy\" decoding=\"async\" width=\"1024\" height=\"683\" src=\"https:\/\/coretarapaca.cl\/wp\/wp-content\/uploads\/536273356_4069519666695053_7645829716423069948_n-1024x683.jpg\" alt=\"\" class=\"wp-image-2695\" srcset=\"https:\/\/coretarapaca.cl\/wp\/wp-content\/uploads\/536273356_4069519666695053_7645829716423069948_n-1024x683.jpg 1024w, https:\/\/coretarapaca.cl\/wp\/wp-content\/uploads\/536273356_4069519666695053_7645829716423069948_n-300x200.jpg 300w, https:\/\/coretarapaca.cl\/wp\/wp-content\/uploads\/536273356_4069519666695053_7645829716423069948_n-768x512.jpg 768w, https:\/\/coretarapaca.cl\/wp\/wp-content\/uploads\/536273356_4069519666695053_7645829716423069948_n-1536x1024.jpg 1536w, https:\/\/coretarapaca.cl\/wp\/wp-content\/uploads\/536273356_4069519666695053_7645829716423069948_n.jpg 2048w\" sizes=\"auto, (max-width: 1024px) 100vw, 1024px\" \/><\/figure>\n\n\n\n<figure class=\"wp-block-image size-large\"><img loading=\"lazy\" decoding=\"async\" width=\"1024\" height=\"683\" src=\"https:\/\/coretarapaca.cl\/wp\/wp-content\/uploads\/539511036_4069520096695010_1060185410458402311_n-1024x683.jpg\" alt=\"\" class=\"wp-image-2696\" srcset=\"https:\/\/coretarapaca.cl\/wp\/wp-content\/uploads\/539511036_4069520096695010_1060185410458402311_n-1024x683.jpg 1024w, https:\/\/coretarapaca.cl\/wp\/wp-content\/uploads\/539511036_4069520096695010_1060185410458402311_n-300x200.jpg 300w, https:\/\/coretarapaca.cl\/wp\/wp-content\/uploads\/539511036_4069520096695010_1060185410458402311_n-768x512.jpg 768w, https:\/\/coretarapaca.cl\/wp\/wp-content\/uploads\/539511036_4069520096695010_1060185410458402311_n-1536x1024.jpg 1536w, https:\/\/coretarapaca.cl\/wp\/wp-content\/uploads\/539511036_4069520096695010_1060185410458402311_n.jpg 2048w\" sizes=\"auto, (max-width: 1024px) 100vw, 1024px\" \/><\/figure>\n\n\n\n<figure class=\"wp-block-image size-large\"><img loading=\"lazy\" decoding=\"async\" width=\"1024\" height=\"683\" src=\"https:\/\/coretarapaca.cl\/wp\/wp-content\/uploads\/540472044_4069519710028382_4789492681097822066_n-1024x683.jpg\" alt=\"\" class=\"wp-image-2697\" srcset=\"https:\/\/coretarapaca.cl\/wp\/wp-content\/uploads\/540472044_4069519710028382_4789492681097822066_n-1024x683.jpg 1024w, https:\/\/coretarapaca.cl\/wp\/wp-content\/uploads\/540472044_4069519710028382_4789492681097822066_n-300x200.jpg 300w, https:\/\/coretarapaca.cl\/wp\/wp-content\/uploads\/540472044_4069519710028382_4789492681097822066_n-768x512.jpg 768w, https:\/\/coretarapaca.cl\/wp\/wp-content\/uploads\/540472044_4069519710028382_4789492681097822066_n-1536x1024.jpg 1536w, https:\/\/coretarapaca.cl\/wp\/wp-content\/uploads\/540472044_4069519710028382_4789492681097822066_n.jpg 2048w\" sizes=\"auto, (max-width: 1024px) 100vw, 1024px\" \/><\/figure>\n\n\n\n<figure class=\"wp-block-image size-large\"><img loading=\"lazy\" decoding=\"async\" width=\"1024\" height=\"683\" src=\"https:\/\/coretarapaca.cl\/wp\/wp-content\/uploads\/540478423_4069520010028352_6426033988310049972_n-1024x683.jpg\" alt=\"\" class=\"wp-image-2698\" srcset=\"https:\/\/coretarapaca.cl\/wp\/wp-content\/uploads\/540478423_4069520010028352_6426033988310049972_n-1024x683.jpg 1024w, https:\/\/coretarapaca.cl\/wp\/wp-content\/uploads\/540478423_4069520010028352_6426033988310049972_n-300x200.jpg 300w, https:\/\/coretarapaca.cl\/wp\/wp-content\/uploads\/540478423_4069520010028352_6426033988310049972_n-768x512.jpg 768w, https:\/\/coretarapaca.cl\/wp\/wp-content\/uploads\/540478423_4069520010028352_6426033988310049972_n-1536x1024.jpg 1536w, https:\/\/coretarapaca.cl\/wp\/wp-content\/uploads\/540478423_4069520010028352_6426033988310049972_n.jpg 2048w\" sizes=\"auto, (max-width: 1024px) 100vw, 1024px\" \/><\/figure>\n\n\n\n<figure class=\"wp-block-image size-large\"><img loading=\"lazy\" decoding=\"async\" width=\"1024\" height=\"683\" src=\"https:\/\/coretarapaca.cl\/wp\/wp-content\/uploads\/540531199_4069519703361716_4926421634601130524_n-1024x683.jpg\" alt=\"\" class=\"wp-image-2699\" srcset=\"https:\/\/coretarapaca.cl\/wp\/wp-content\/uploads\/540531199_4069519703361716_4926421634601130524_n-1024x683.jpg 1024w, https:\/\/coretarapaca.cl\/wp\/wp-content\/uploads\/540531199_4069519703361716_4926421634601130524_n-300x200.jpg 300w, https:\/\/coretarapaca.cl\/wp\/wp-content\/uploads\/540531199_4069519703361716_4926421634601130524_n-768x512.jpg 768w, https:\/\/coretarapaca.cl\/wp\/wp-content\/uploads\/540531199_4069519703361716_4926421634601130524_n-1536x1025.jpg 1536w, https:\/\/coretarapaca.cl\/wp\/wp-content\/uploads\/540531199_4069519703361716_4926421634601130524_n.jpg 2048w\" sizes=\"auto, (max-width: 1024px) 100vw, 1024px\" \/><\/figure>\n\n\n\n<figure class=\"wp-block-image size-large\"><img loading=\"lazy\" decoding=\"async\" width=\"1024\" height=\"683\" src=\"https:\/\/coretarapaca.cl\/wp\/wp-content\/uploads\/540686336_4069519863361700_5620023889198243693_n-1024x683.jpg\" alt=\"\" class=\"wp-image-2700\" srcset=\"https:\/\/coretarapaca.cl\/wp\/wp-content\/uploads\/540686336_4069519863361700_5620023889198243693_n-1024x683.jpg 1024w, https:\/\/coretarapaca.cl\/wp\/wp-content\/uploads\/540686336_4069519863361700_5620023889198243693_n-300x200.jpg 300w, https:\/\/coretarapaca.cl\/wp\/wp-content\/uploads\/540686336_4069519863361700_5620023889198243693_n-768x512.jpg 768w, https:\/\/coretarapaca.cl\/wp\/wp-content\/uploads\/540686336_4069519863361700_5620023889198243693_n-1536x1025.jpg 1536w, https:\/\/coretarapaca.cl\/wp\/wp-content\/uploads\/540686336_4069519863361700_5620023889198243693_n.jpg 2048w\" sizes=\"auto, (max-width: 1024px) 100vw, 1024px\" \/><\/figure>\n\n\n\n<figure class=\"wp-block-image size-large\"><img loading=\"lazy\" decoding=\"async\" width=\"1024\" height=\"683\" src=\"https:\/\/coretarapaca.cl\/wp\/wp-content\/uploads\/540711513_4069519900028363_3888470063640711758_n-1024x683.jpg\" alt=\"\" class=\"wp-image-2701\" srcset=\"https:\/\/coretarapaca.cl\/wp\/wp-content\/uploads\/540711513_4069519900028363_3888470063640711758_n-1024x683.jpg 1024w, https:\/\/coretarapaca.cl\/wp\/wp-content\/uploads\/540711513_4069519900028363_3888470063640711758_n-300x200.jpg 300w, https:\/\/coretarapaca.cl\/wp\/wp-content\/uploads\/540711513_4069519900028363_3888470063640711758_n-768x512.jpg 768w, https:\/\/coretarapaca.cl\/wp\/wp-content\/uploads\/540711513_4069519900028363_3888470063640711758_n-1536x1024.jpg 1536w, https:\/\/coretarapaca.cl\/wp\/wp-content\/uploads\/540711513_4069519900028363_3888470063640711758_n.jpg 2048w\" sizes=\"auto, (max-width: 1024px) 100vw, 1024px\" \/><\/figure>\n\n\n\n<figure class=\"wp-block-image size-large\"><img loading=\"lazy\" decoding=\"async\" width=\"1024\" height=\"683\" src=\"https:\/\/coretarapaca.cl\/wp\/wp-content\/uploads\/540787685_4069519893361697_6246725756082741971_n-1024x683.jpg\" alt=\"\" class=\"wp-image-2702\" srcset=\"https:\/\/coretarapaca.cl\/wp\/wp-content\/uploads\/540787685_4069519893361697_6246725756082741971_n-1024x683.jpg 1024w, https:\/\/coretarapaca.cl\/wp\/wp-content\/uploads\/540787685_4069519893361697_6246725756082741971_n-300x200.jpg 300w, https:\/\/coretarapaca.cl\/wp\/wp-content\/uploads\/540787685_4069519893361697_6246725756082741971_n-768x512.jpg 768w, https:\/\/coretarapaca.cl\/wp\/wp-content\/uploads\/540787685_4069519893361697_6246725756082741971_n-1536x1024.jpg 1536w, https:\/\/coretarapaca.cl\/wp\/wp-content\/uploads\/540787685_4069519893361697_6246725756082741971_n.jpg 2048w\" sizes=\"auto, (max-width: 1024px) 100vw, 1024px\" \/><\/figure>\n","protected":false},"excerpt":{"rendered":"<p>Al evento asistieron gran cantidad de dirigentes sociales, vecinales y del deporte, venidos de las distintas comunas de Tarapac\u00e1. &nbsp;&nbsp;&nbsp;&nbsp;&nbsp;&nbsp;&nbsp;&nbsp;&nbsp;&nbsp;&nbsp; Los consejeros regionales Lorena Ram\u00edrez Silva, Francisco Lincheo Torrej\u00f3n, Mauricio Schmidt Silva, Sergio Asserella Alvarado, Octavio L\u00f3pez \u00c1valos y Pablo Espinoza Caqueo, asistieron en representaci\u00f3n del Consejo Regional, a la Cuenta P\u00fablica 2024 Participativa del [&hellip;]<\/p>\n","protected":false},"author":3,"featured_media":2691,"comment_status":"closed","ping_status":"","sticky":false,"template":"","format":"standard","meta":{"_mi_skip_tracking":false,"footnotes":""},"categories":[97],"tags":[],"class_list":["post-2690","post","type-post","status-publish","format-standard","has-post-thumbnail","hentry","category-consejo-regional-de-tarapaca"],"_links":{"self":[{"href":"https:\/\/coretarapaca.cl\/wp\/index.php?rest_route=\/wp\/v2\/posts\/2690","targetHints":{"allow":["GET"]}}],"collection":[{"href":"https:\/\/coretarapaca.cl\/wp\/index.php?rest_route=\/wp\/v2\/posts"}],"about":[{"href":"https:\/\/coretarapaca.cl\/wp\/index.php?rest_route=\/wp\/v2\/types\/post"}],"author":[{"embeddable":true,"href":"https:\/\/coretarapaca.cl\/wp\/index.php?rest_route=\/wp\/v2\/users\/3"}],"replies":[{"embeddable":true,"href":"https:\/\/coretarapaca.cl\/wp\/index.php?rest_route=%2Fwp%2Fv2%2Fcomments&post=2690"}],"version-history":[{"count":1,"href":"https:\/\/coretarapaca.cl\/wp\/index.php?rest_route=\/wp\/v2\/posts\/2690\/revisions"}],"predecessor-version":[{"id":2703,"href":"https:\/\/coretarapaca.cl\/wp\/index.php?rest_route=\/wp\/v2\/posts\/2690\/revisions\/2703"}],"wp:featuredmedia":[{"embeddable":true,"href":"https:\/\/coretarapaca.cl\/wp\/index.php?rest_route=\/wp\/v2\/media\/2691"}],"wp:attachment":[{"href":"https:\/\/coretarapaca.cl\/wp\/index.php?rest_route=%2Fwp%2Fv2%2Fmedia&parent=2690"}],"wp:term":[{"taxonomy":"category","embeddable":true,"href":"https:\/\/coretarapaca.cl\/wp\/index.php?rest_route=%2Fwp%2Fv2%2Fcategories&post=2690"},{"taxonomy":"post_tag","embeddable":true,"href":"https:\/\/coretarapaca.cl\/wp\/index.php?rest_route=%2Fwp%2Fv2%2Ftags&post=2690"}],"curies":[{"name":"wp","href":"https:\/\/api.w.org\/{rel}","templated":true}]}}