{"id":2840,"date":"2025-12-02T11:42:21","date_gmt":"2025-12-02T14:42:21","guid":{"rendered":"https:\/\/coretarapaca.cl\/wp\/?p=2840"},"modified":"2025-12-02T11:42:21","modified_gmt":"2025-12-02T14:42:21","slug":"presidenta-de-la-comision-de-seguridad-ciudadana-del-core-de-tarapaca-visito-localidad-de-francia-para-participar-en-reunion-del-comite-de-seguridad-publica-que-sesiono-en-terreno-y-visito-reten-de","status":"publish","type":"post","link":"https:\/\/coretarapaca.cl\/wp\/?p=2840","title":{"rendered":"PRESIDENTA DE LA COMISION DE SEGURIDAD CIUDADANA DEL CORE DE TARAPACA, VISITO LOCALIDAD DE FRANCIA, PARA PARTICIPAR EN REUNION DEL COMIT\u00c9 DE SEGURIDAD PUBLICA QUE SESIONO EN TERRENO, Y VISITO RETEN DE CARABINEROS DE CAMI\u00d1A"},"content":{"rendered":"\n<p class=\"has-medium-font-size\">Core Lorena Ram\u00edrez constat\u00f3 en terreno, que Ret\u00e9n de Carabineros de Cami\u00f1a requiere refacciones.<\/p>\n\n\n\n<p>La presidenta de la Comisi\u00f3n de Seguridad Ciudadana del Consejo Regional de Tarapac\u00e1, Lorena Ram\u00edrez Palma, asisti\u00f3 a la comuna de Cami\u00f1a, para participar en la reuni\u00f3n del Comit\u00e9 de Seguridad P\u00fablica, que lidera la SEREMI de Seguridad, y que sesion\u00f3 en el poblado de Francia. En Cami\u00f1a, la autoridad regional adem\u00e1s visit\u00f3 las dependencias del Ret\u00e9n de Carabineros, que presenta da\u00f1os producto de socavones y requiere la implementaci\u00f3n de un plan de refacci\u00f3n.<\/p>\n\n\n\n<p class=\"has-vivid-red-color has-text-color has-link-color wp-elements-dcd2adc4cf74e3e1c099510ffc442ea9\">En primer t\u00e9rmino, la consejera regional particip\u00f3 en la reuni\u00f3n del Comit\u00e9 de Seguridad P\u00fablica que se realiz\u00f3 en terreno, en la junta vecinal de la localidad de Francia, que pertenece administrativamente a la comuna de Cami\u00f1a.<\/p>\n\n\n\n<figure class=\"wp-block-image size-large\"><img loading=\"lazy\" decoding=\"async\" width=\"1024\" height=\"682\" src=\"https:\/\/coretarapaca.cl\/wp\/wp-content\/uploads\/WhatsApp-Image-2025-11-27-at-12.21.58-1024x682.jpeg\" alt=\"\" class=\"wp-image-2841\" srcset=\"https:\/\/coretarapaca.cl\/wp\/wp-content\/uploads\/WhatsApp-Image-2025-11-27-at-12.21.58-1024x682.jpeg 1024w, https:\/\/coretarapaca.cl\/wp\/wp-content\/uploads\/WhatsApp-Image-2025-11-27-at-12.21.58-300x200.jpeg 300w, https:\/\/coretarapaca.cl\/wp\/wp-content\/uploads\/WhatsApp-Image-2025-11-27-at-12.21.58-768x512.jpeg 768w, https:\/\/coretarapaca.cl\/wp\/wp-content\/uploads\/WhatsApp-Image-2025-11-27-at-12.21.58.jpeg 1280w\" sizes=\"auto, (max-width: 1024px) 100vw, 1024px\" \/><\/figure>\n\n\n\n<p>A la reuni\u00f3n asistieron representantes de la SEREMI de Seguridad Ciudadana, de la direcci\u00f3n regional del Servicio Agr\u00edcola Ganadero SAG, de SERNAMEG, y de la Ilustre Municipalidad de Cami\u00f1a, adem\u00e1s de dirigentes de organizaciones sociales, de juntas vecinales rurales y de representaciones ind\u00edgenas, entre otras.<\/p>\n\n\n\n<p>En la cita, se revisaron los avances en la tramitaci\u00f3n de las denuncias realizadas en la comuna por Violencia Intra Familiar; las actualizaciones aplicadas al Plan Comunal de Seguridad P\u00fablica; el aumento de casos de bulling y de violencia laboral tanto en los colegios p\u00fablicos como en las postas rurales, respectivamente; y la investigaci\u00f3n que lleva la Fiscal\u00eda por el delito de robo de cables, entre otros.<\/p>\n\n\n\n<p>Posteriormente, la consejera Lorena Ram\u00edrez Palma se traslado a Cami\u00f1a, para realizar una visita al Ret\u00e9n de Carabineros del poblado, que evidencia diversos problemas en su infraestructura, debido a la falta de mantenci\u00f3n y la postergaci\u00f3n de proyectos de refacci\u00f3n.<\/p>\n\n\n\n<p>La Presidenta de la Comisi\u00f3n de Seguridad Ciudadana del CORE, luego de entrevistarse con el personal de la unidad, se comprometi\u00f3 a reunirse con autoridades regionales de la polic\u00eda uniformada, y con el Delegado Presidencial de Tarapac\u00e1, para buscar soluciones que permitan mejorar las instalaciones que ocupan actualmente los carabineros destacados en el Ret\u00e9n de Cami\u00f1a.<\/p>\n\n\n\n<figure class=\"wp-block-image size-large\"><img loading=\"lazy\" decoding=\"async\" width=\"1024\" height=\"682\" src=\"https:\/\/coretarapaca.cl\/wp\/wp-content\/uploads\/WhatsApp-Image-2025-11-27-at-12.21.59-1024x682.jpeg\" alt=\"\" class=\"wp-image-2842\" srcset=\"https:\/\/coretarapaca.cl\/wp\/wp-content\/uploads\/WhatsApp-Image-2025-11-27-at-12.21.59-1024x682.jpeg 1024w, https:\/\/coretarapaca.cl\/wp\/wp-content\/uploads\/WhatsApp-Image-2025-11-27-at-12.21.59-300x200.jpeg 300w, https:\/\/coretarapaca.cl\/wp\/wp-content\/uploads\/WhatsApp-Image-2025-11-27-at-12.21.59-768x512.jpeg 768w, https:\/\/coretarapaca.cl\/wp\/wp-content\/uploads\/WhatsApp-Image-2025-11-27-at-12.21.59.jpeg 1280w\" sizes=\"auto, (max-width: 1024px) 100vw, 1024px\" \/><\/figure>\n\n\n\n<figure class=\"wp-block-image size-large\"><img loading=\"lazy\" decoding=\"async\" width=\"1024\" height=\"682\" src=\"https:\/\/coretarapaca.cl\/wp\/wp-content\/uploads\/WhatsApp-Image-2025-11-27-at-12.22.07-1024x682.jpeg\" alt=\"\" class=\"wp-image-2843\" srcset=\"https:\/\/coretarapaca.cl\/wp\/wp-content\/uploads\/WhatsApp-Image-2025-11-27-at-12.22.07-1024x682.jpeg 1024w, https:\/\/coretarapaca.cl\/wp\/wp-content\/uploads\/WhatsApp-Image-2025-11-27-at-12.22.07-300x200.jpeg 300w, https:\/\/coretarapaca.cl\/wp\/wp-content\/uploads\/WhatsApp-Image-2025-11-27-at-12.22.07-768x512.jpeg 768w, https:\/\/coretarapaca.cl\/wp\/wp-content\/uploads\/WhatsApp-Image-2025-11-27-at-12.22.07.jpeg 1280w\" sizes=\"auto, (max-width: 1024px) 100vw, 1024px\" \/><\/figure>\n\n\n\n<figure class=\"wp-block-image size-large\"><img loading=\"lazy\" decoding=\"async\" width=\"1024\" height=\"683\" src=\"https:\/\/coretarapaca.cl\/wp\/wp-content\/uploads\/WhatsApp-Image-2025-11-27-at-12.22.08-1024x683.jpeg\" alt=\"\" class=\"wp-image-2844\" srcset=\"https:\/\/coretarapaca.cl\/wp\/wp-content\/uploads\/WhatsApp-Image-2025-11-27-at-12.22.08-1024x683.jpeg 1024w, https:\/\/coretarapaca.cl\/wp\/wp-content\/uploads\/WhatsApp-Image-2025-11-27-at-12.22.08-300x200.jpeg 300w, https:\/\/coretarapaca.cl\/wp\/wp-content\/uploads\/WhatsApp-Image-2025-11-27-at-12.22.08-768x512.jpeg 768w, https:\/\/coretarapaca.cl\/wp\/wp-content\/uploads\/WhatsApp-Image-2025-11-27-at-12.22.08.jpeg 1032w\" sizes=\"auto, (max-width: 1024px) 100vw, 1024px\" \/><\/figure>\n\n\n\n<figure class=\"wp-block-image size-large\"><img loading=\"lazy\" decoding=\"async\" width=\"1024\" height=\"682\" src=\"https:\/\/coretarapaca.cl\/wp\/wp-content\/uploads\/WhatsApp-Image-2025-11-27-at-12.22.10-1024x682.jpeg\" alt=\"\" class=\"wp-image-2845\" srcset=\"https:\/\/coretarapaca.cl\/wp\/wp-content\/uploads\/WhatsApp-Image-2025-11-27-at-12.22.10-1024x682.jpeg 1024w, https:\/\/coretarapaca.cl\/wp\/wp-content\/uploads\/WhatsApp-Image-2025-11-27-at-12.22.10-300x200.jpeg 300w, https:\/\/coretarapaca.cl\/wp\/wp-content\/uploads\/WhatsApp-Image-2025-11-27-at-12.22.10-768x512.jpeg 768w, https:\/\/coretarapaca.cl\/wp\/wp-content\/uploads\/WhatsApp-Image-2025-11-27-at-12.22.10.jpeg 1280w\" sizes=\"auto, (max-width: 1024px) 100vw, 1024px\" \/><\/figure>\n\n\n\n<figure class=\"wp-block-image size-large\"><img loading=\"lazy\" decoding=\"async\" width=\"1024\" height=\"682\" src=\"https:\/\/coretarapaca.cl\/wp\/wp-content\/uploads\/WhatsApp-Image-2025-11-27-at-12.22.11-1024x682.jpeg\" alt=\"\" class=\"wp-image-2846\" srcset=\"https:\/\/coretarapaca.cl\/wp\/wp-content\/uploads\/WhatsApp-Image-2025-11-27-at-12.22.11-1024x682.jpeg 1024w, https:\/\/coretarapaca.cl\/wp\/wp-content\/uploads\/WhatsApp-Image-2025-11-27-at-12.22.11-300x200.jpeg 300w, https:\/\/coretarapaca.cl\/wp\/wp-content\/uploads\/WhatsApp-Image-2025-11-27-at-12.22.11-768x512.jpeg 768w, https:\/\/coretarapaca.cl\/wp\/wp-content\/uploads\/WhatsApp-Image-2025-11-27-at-12.22.11.jpeg 1280w\" sizes=\"auto, (max-width: 1024px) 100vw, 1024px\" \/><\/figure>\n","protected":false},"excerpt":{"rendered":"<p>Core Lorena Ram\u00edrez constat\u00f3 en terreno, que Ret\u00e9n de Carabineros de Cami\u00f1a requiere refacciones. La presidenta de la Comisi\u00f3n de Seguridad Ciudadana del Consejo Regional de Tarapac\u00e1, Lorena Ram\u00edrez Palma, asisti\u00f3 a la comuna de Cami\u00f1a, para participar en la reuni\u00f3n del Comit\u00e9 de Seguridad P\u00fablica, que lidera la SEREMI de Seguridad, y que sesion\u00f3 [&hellip;]<\/p>\n","protected":false},"author":3,"featured_media":2847,"comment_status":"closed","ping_status":"","sticky":false,"template":"","format":"standard","meta":{"_mi_skip_tracking":false,"footnotes":""},"categories":[82],"tags":[],"class_list":["post-2840","post","type-post","status-publish","format-standard","has-post-thumbnail","hentry","category-seguridad-ciudadana"],"_links":{"self":[{"href":"https:\/\/coretarapaca.cl\/wp\/index.php?rest_route=\/wp\/v2\/posts\/2840","targetHints":{"allow":["GET"]}}],"collection":[{"href":"https:\/\/coretarapaca.cl\/wp\/index.php?rest_route=\/wp\/v2\/posts"}],"about":[{"href":"https:\/\/coretarapaca.cl\/wp\/index.php?rest_route=\/wp\/v2\/types\/post"}],"author":[{"embeddable":true,"href":"https:\/\/coretarapaca.cl\/wp\/index.php?rest_route=\/wp\/v2\/users\/3"}],"replies":[{"embeddable":true,"href":"https:\/\/coretarapaca.cl\/wp\/index.php?rest_route=%2Fwp%2Fv2%2Fcomments&post=2840"}],"version-history":[{"count":1,"href":"https:\/\/coretarapaca.cl\/wp\/index.php?rest_route=\/wp\/v2\/posts\/2840\/revisions"}],"predecessor-version":[{"id":2848,"href":"https:\/\/coretarapaca.cl\/wp\/index.php?rest_route=\/wp\/v2\/posts\/2840\/revisions\/2848"}],"wp:featuredmedia":[{"embeddable":true,"href":"https:\/\/coretarapaca.cl\/wp\/index.php?rest_route=\/wp\/v2\/media\/2847"}],"wp:attachment":[{"href":"https:\/\/coretarapaca.cl\/wp\/index.php?rest_route=%2Fwp%2Fv2%2Fmedia&parent=2840"}],"wp:term":[{"taxonomy":"category","embeddable":true,"href":"https:\/\/coretarapaca.cl\/wp\/index.php?rest_route=%2Fwp%2Fv2%2Fcategories&post=2840"},{"taxonomy":"post_tag","embeddable":true,"href":"https:\/\/coretarapaca.cl\/wp\/index.php?rest_route=%2Fwp%2Fv2%2Ftags&post=2840"}],"curies":[{"name":"wp","href":"https:\/\/api.w.org\/{rel}","templated":true}]}}