{"id":2891,"date":"2025-12-03T16:08:57","date_gmt":"2025-12-03T19:08:57","guid":{"rendered":"https:\/\/coretarapaca.cl\/wp\/?p=2891"},"modified":"2025-12-03T16:08:57","modified_gmt":"2025-12-03T19:08:57","slug":"delegacion-del-gobierno-regional-de-tarapaca-liderada-por-el-gobernador-regional-y-por-consejeros-regionales-planteo-este-miercoles-en-santiago-ante-autoridades-y-tecnicos-de-la-dipres-y-del-minist","status":"publish","type":"post","link":"https:\/\/coretarapaca.cl\/wp\/?p=2891","title":{"rendered":"DELEGACION DEL GOBIERNO REGIONAL DE TARAPACA, LIDERADA POR EL GOBERNADOR REGIONAL Y POR CONSEJEROS REGIONALES, PLANTEO ESTE MIERCOLES EN SANTIAGO, ANTE AUTORIDADES Y TECNICOS DE LA DIPRES Y DEL MINISTERIO DE HACIENDA, LAS DISCREPANCIAS ANTE LA PROPUESTA DE INVERSION REGIONAL PROGRAMADA PARA EL PROXIMO A\u00d1O"},"content":{"rendered":"\n<p class=\"has-text-align-left has-medium-font-size\">Gobernador Regional y cores viajaron a Santiago, para plantear a DIPRES y al Ministerio de Hacienda, las discrepancias a la propuesta del presupuesto ARI 2026<\/p>\n\n\n\n<p>Una delegaci\u00f3n del Gobierno Regional de Tarapac\u00e1, encabezada por el Gobernador Regional Jos\u00e9 Miguel Carvajal y conformada por los consejeros regionales Francisco Lincheo Torrej\u00f3n, Jorge Mu\u00f1oz Gonz\u00e1lez y Hugo Estica Esteban, adem\u00e1s de funcionarios del GORE, se entrevist\u00f3 en Santiago, con autoridades de la Direcci\u00f3n de Presupuesto y del Ministerio de Hacienda, para plantear las discrepancias ante la propuesta del presupuesto de inversi\u00f3n regional, programado para el pr\u00f3ximo a\u00f1o, y contenido en el Anteproyecto de Inversi\u00f3n Regional ARI 2026.<\/p>\n\n\n\n<p class=\"has-vivid-red-color has-text-color has-link-color wp-elements-ec6709ffe3e7aaf69730b8f181bbd2a1\">&nbsp;&nbsp;&nbsp;&nbsp;&nbsp;&nbsp;&nbsp;&nbsp;&nbsp;&nbsp;&nbsp;&nbsp;&nbsp;&nbsp;&nbsp; Durante la ma\u00f1ana de este mi\u00e9rcoles 3 de diciembre, se realiz\u00f3 una reuni\u00f3n t\u00e9cnica sobre la propuesta del ARI 2026, y por la tarde, se program\u00f3 la cita con las autoridades y funcionarios de la DIPRES, en la que se plantearon las discrepancias al anteproyecto, por parte del GORE de Tarapac\u00e1.<\/p>\n\n\n\n<figure class=\"wp-block-image size-large\"><img loading=\"lazy\" decoding=\"async\" width=\"1024\" height=\"473\" src=\"https:\/\/coretarapaca.cl\/wp\/wp-content\/uploads\/5c9e9d1e-3dec-466b-8dc4-ef39b698b063-1-1024x473.jpg\" alt=\"\" class=\"wp-image-2894\" srcset=\"https:\/\/coretarapaca.cl\/wp\/wp-content\/uploads\/5c9e9d1e-3dec-466b-8dc4-ef39b698b063-1-1024x473.jpg 1024w, https:\/\/coretarapaca.cl\/wp\/wp-content\/uploads\/5c9e9d1e-3dec-466b-8dc4-ef39b698b063-1-300x139.jpg 300w, https:\/\/coretarapaca.cl\/wp\/wp-content\/uploads\/5c9e9d1e-3dec-466b-8dc4-ef39b698b063-1-768x355.jpg 768w, https:\/\/coretarapaca.cl\/wp\/wp-content\/uploads\/5c9e9d1e-3dec-466b-8dc4-ef39b698b063-1.jpg 1280w\" sizes=\"auto, (max-width: 1024px) 100vw, 1024px\" \/><\/figure>\n\n\n\n<p>\u00a0\u00a0\u00a0\u00a0\u00a0\u00a0\u00a0\u00a0\u00a0\u00a0\u00a0<\/p>\n\n\n\n<p>&nbsp;&nbsp;&nbsp;&nbsp;&nbsp;&nbsp;&nbsp;&nbsp;&nbsp;&nbsp;&nbsp;&nbsp;&nbsp;&nbsp;&nbsp; Acompa\u00f1aron a las autoridades regionales de Tarapac\u00e1, en las reuniones planificadas, el Jefe de la Divisi\u00f3n de Planificaci\u00f3n y Desarrollo Regional DIPLAD del GORE de Tarapac\u00e1 Rub\u00e9n Berr\u00edos, el Jefe de la Divisi\u00f3n de Presupuesto e Inversi\u00f3n Regional DIPREIN Christopher Espinoza, y el Auditor Interno del GORE Stalin Campusano, entre otros.<\/p>\n\n\n\n<figure class=\"wp-block-image size-large\"><img loading=\"lazy\" decoding=\"async\" width=\"1024\" height=\"473\" src=\"https:\/\/coretarapaca.cl\/wp\/wp-content\/uploads\/2cb07692-4585-48e6-a980-00b7c744d271-1024x473.jpg\" alt=\"\" class=\"wp-image-2893\" srcset=\"https:\/\/coretarapaca.cl\/wp\/wp-content\/uploads\/2cb07692-4585-48e6-a980-00b7c744d271-1024x473.jpg 1024w, https:\/\/coretarapaca.cl\/wp\/wp-content\/uploads\/2cb07692-4585-48e6-a980-00b7c744d271-300x139.jpg 300w, https:\/\/coretarapaca.cl\/wp\/wp-content\/uploads\/2cb07692-4585-48e6-a980-00b7c744d271-768x355.jpg 768w, https:\/\/coretarapaca.cl\/wp\/wp-content\/uploads\/2cb07692-4585-48e6-a980-00b7c744d271.jpg 1280w\" sizes=\"auto, (max-width: 1024px) 100vw, 1024px\" \/><\/figure>\n\n\n\n<figure class=\"wp-block-image size-large\"><img loading=\"lazy\" decoding=\"async\" width=\"1024\" height=\"473\" src=\"https:\/\/coretarapaca.cl\/wp\/wp-content\/uploads\/7c5f1041-1320-46ed-8ef1-e941149250c6-1024x473.jpg\" alt=\"\" class=\"wp-image-2895\" srcset=\"https:\/\/coretarapaca.cl\/wp\/wp-content\/uploads\/7c5f1041-1320-46ed-8ef1-e941149250c6-1024x473.jpg 1024w, https:\/\/coretarapaca.cl\/wp\/wp-content\/uploads\/7c5f1041-1320-46ed-8ef1-e941149250c6-300x139.jpg 300w, https:\/\/coretarapaca.cl\/wp\/wp-content\/uploads\/7c5f1041-1320-46ed-8ef1-e941149250c6-768x355.jpg 768w, https:\/\/coretarapaca.cl\/wp\/wp-content\/uploads\/7c5f1041-1320-46ed-8ef1-e941149250c6.jpg 1280w\" sizes=\"auto, (max-width: 1024px) 100vw, 1024px\" \/><\/figure>\n\n\n\n<p><\/p>\n","protected":false},"excerpt":{"rendered":"<p>Gobernador Regional y cores viajaron a Santiago, para plantear a DIPRES y al Ministerio de Hacienda, las discrepancias a la propuesta del presupuesto ARI 2026 Una delegaci\u00f3n del Gobierno Regional de Tarapac\u00e1, encabezada por el Gobernador Regional Jos\u00e9 Miguel Carvajal y conformada por los consejeros regionales Francisco Lincheo Torrej\u00f3n, Jorge Mu\u00f1oz Gonz\u00e1lez y Hugo Estica [&hellip;]<\/p>\n","protected":false},"author":3,"featured_media":2895,"comment_status":"closed","ping_status":"","sticky":false,"template":"","format":"standard","meta":{"_mi_skip_tracking":false,"footnotes":""},"categories":[97],"tags":[],"class_list":["post-2891","post","type-post","status-publish","format-standard","has-post-thumbnail","hentry","category-consejo-regional-de-tarapaca"],"_links":{"self":[{"href":"https:\/\/coretarapaca.cl\/wp\/index.php?rest_route=\/wp\/v2\/posts\/2891","targetHints":{"allow":["GET"]}}],"collection":[{"href":"https:\/\/coretarapaca.cl\/wp\/index.php?rest_route=\/wp\/v2\/posts"}],"about":[{"href":"https:\/\/coretarapaca.cl\/wp\/index.php?rest_route=\/wp\/v2\/types\/post"}],"author":[{"embeddable":true,"href":"https:\/\/coretarapaca.cl\/wp\/index.php?rest_route=\/wp\/v2\/users\/3"}],"replies":[{"embeddable":true,"href":"https:\/\/coretarapaca.cl\/wp\/index.php?rest_route=%2Fwp%2Fv2%2Fcomments&post=2891"}],"version-history":[{"count":1,"href":"https:\/\/coretarapaca.cl\/wp\/index.php?rest_route=\/wp\/v2\/posts\/2891\/revisions"}],"predecessor-version":[{"id":2896,"href":"https:\/\/coretarapaca.cl\/wp\/index.php?rest_route=\/wp\/v2\/posts\/2891\/revisions\/2896"}],"wp:featuredmedia":[{"embeddable":true,"href":"https:\/\/coretarapaca.cl\/wp\/index.php?rest_route=\/wp\/v2\/media\/2895"}],"wp:attachment":[{"href":"https:\/\/coretarapaca.cl\/wp\/index.php?rest_route=%2Fwp%2Fv2%2Fmedia&parent=2891"}],"wp:term":[{"taxonomy":"category","embeddable":true,"href":"https:\/\/coretarapaca.cl\/wp\/index.php?rest_route=%2Fwp%2Fv2%2Fcategories&post=2891"},{"taxonomy":"post_tag","embeddable":true,"href":"https:\/\/coretarapaca.cl\/wp\/index.php?rest_route=%2Fwp%2Fv2%2Ftags&post=2891"}],"curies":[{"name":"wp","href":"https:\/\/api.w.org\/{rel}","templated":true}]}}