{"id":2897,"date":"2025-12-03T18:15:14","date_gmt":"2025-12-03T21:15:14","guid":{"rendered":"https:\/\/coretarapaca.cl\/wp\/?p=2897"},"modified":"2025-12-03T18:19:07","modified_gmt":"2025-12-03T21:19:07","slug":"los-cores-que-asistieron-este-miercoles-en-santiago-a-la-reunion-con-autoridades-y-representantes-de-la-direccion-de-presupuesto-y-de-distintos-ministerios-para-plantear-las-discrepancias-ante-la-pr","status":"publish","type":"post","link":"https:\/\/coretarapaca.cl\/wp\/?p=2897","title":{"rendered":"LOS CORES QUE ASISTIERON ESTE MI\u00c9RCOLES EN SANTIAGO, A LA REUNI\u00d3N CON AUTORIDADES Y REPRESENTANTES DE LA DIRECCI\u00d3N DE PRESUPUESTO Y DE DISTINTOS MINISTERIOS, PARA PLANTEAR LAS DISCREPANCIAS ANTE LA PROPUESTA DEL PRESUPUESTO DE INVERSI\u00d3N REGIONAL 2026, MANIFESTARON SUS MOLESTIAS ANTE LA AUSENCIA DE REPRESENTANTES DEL MINISTERIO DEL INTERIOR, EN DICHAS REUNIONES"},"content":{"rendered":"\n<p class=\"has-medium-font-size\">En reuni\u00f3n de autoridades regionales con funcionarios de la DIPRES y de distintos ministerios, se revisaron discrepancias al Anteproyecto Regional de Inversiones 2026.<\/p>\n\n\n\n<p>La inasistencia de representantes del Ministerio del Interior en la reuni\u00f3n, a juicio de los cores Mauricio Schmidt Silva, Hugo Estica Esteban y Francisco Lincheo Torrej\u00f3n, perjudic\u00f3 la revisi\u00f3n t\u00e9cnica de algunas discrepancias que se plantearon en la cita, respecto de determinados proyectos contenidos en el ARI 2026, como por ejemplo, el t\u00e9rmino de las obras de las obras del Segundo Acceso, entre otras.<\/p>\n\n\n\n<p>&nbsp;&nbsp;&nbsp;&nbsp;&nbsp;&nbsp;&nbsp;&nbsp;&nbsp;&nbsp;&nbsp;&nbsp;&nbsp;&nbsp;&nbsp; Al respecto, el consejero regional Mauricio Schmidt, acus\u00f3 \u201c<em>Una falta de inter\u00e9s por lo que esta pasando en Tarapac\u00e1, por parte de las autoridades de algunos ministerios, lo cual se demostr\u00f3 en la inasistencia de \u00e9stos en la reuni\u00f3n, pese a haber sido citados de manera formal, y con antelaci\u00f3n<\/em>\u201d.<\/p>\n\n\n\n<p>&nbsp;&nbsp;&nbsp;&nbsp;&nbsp;&nbsp;&nbsp;&nbsp;&nbsp;&nbsp;&nbsp;&nbsp;&nbsp;&nbsp;&nbsp; El core agreg\u00f3 que \u201c<em>es fundamental la presencia de representantes de los ministerios en estas reuniones, para que informen sobre los avances en la tramitaci\u00f3n de los distintos proyectos que se proponen para el desarrollo de nuestra regi\u00f3n<\/em>\u201d.<\/p>\n\n\n\n<p>&nbsp;&nbsp;&nbsp;&nbsp;&nbsp;&nbsp;&nbsp;&nbsp;&nbsp;&nbsp;&nbsp;&nbsp;&nbsp;&nbsp;&nbsp; Finalmente, el consejero Mauricio Schmidt advirti\u00f3 que se presentar\u00e1 un reclamo formal ante el Ministerio del Interior, por haberse restado de las reuniones programadas, y agreg\u00f3 que: \u201c<em>lo importante es tomar conciencia del nivel de aislamiento que tiene la regi\u00f3n, y de buscar las soluciones a nuestros problemas con nuestros propios recursos<\/em>\u201d.<\/p>\n\n\n\n<figure class=\"wp-block-image size-large\"><img loading=\"lazy\" decoding=\"async\" width=\"1024\" height=\"473\" src=\"https:\/\/coretarapaca.cl\/wp\/wp-content\/uploads\/8e66c15c-493d-4475-915a-b315a666dd18-1024x473.jpg\" alt=\"\" class=\"wp-image-2898\" srcset=\"https:\/\/coretarapaca.cl\/wp\/wp-content\/uploads\/8e66c15c-493d-4475-915a-b315a666dd18-1024x473.jpg 1024w, https:\/\/coretarapaca.cl\/wp\/wp-content\/uploads\/8e66c15c-493d-4475-915a-b315a666dd18-300x139.jpg 300w, https:\/\/coretarapaca.cl\/wp\/wp-content\/uploads\/8e66c15c-493d-4475-915a-b315a666dd18-768x355.jpg 768w, https:\/\/coretarapaca.cl\/wp\/wp-content\/uploads\/8e66c15c-493d-4475-915a-b315a666dd18.jpg 1280w\" sizes=\"auto, (max-width: 1024px) 100vw, 1024px\" \/><\/figure>\n\n\n\n<p>&nbsp;&nbsp;&nbsp;&nbsp;&nbsp;&nbsp;&nbsp;&nbsp;&nbsp;&nbsp;&nbsp;&nbsp;&nbsp;&nbsp;&nbsp; Por su parte, el consejero Hugo Estica atribuy\u00f3 la inasistencia de algunas representaciones ministeriales, a una muestra de \u201c<em>desorganizaci\u00f3n del nivel central<\/em>\u201d. Agreg\u00f3 que para la reuni\u00f3n, \u201c<em>hubo ministerios que no fueron citados, por lo que no tuvimos respuestas a las discrepancias formuladas, en temas como las concesiones<\/em>\u201d.<\/p>\n\n\n\n<p>&nbsp;&nbsp;&nbsp;&nbsp;&nbsp;&nbsp;&nbsp;&nbsp;&nbsp;&nbsp;&nbsp;&nbsp;&nbsp;&nbsp;&nbsp; El consejero, tambi\u00e9n expres\u00f3 su desagrado sobre la incertidumbre que plante\u00f3 el Ministerio de Salud, respecto al tipo de dispositivo sanitario que se pretende construir en la Provincia del Tamarugal, considerando que siempre se habl\u00f3 de edificar un Hospital de mediana complejidad.<\/p>\n\n\n\n<p>\u201c<em>El Ministerio de Salud dar\u00e1 a conocer en enero pr\u00f3ximo, qu\u00e9 tipo de dispositivo se construir\u00e1 finalmente en el Tamarugal. En eso se evidencia que no conversan lo t\u00e9cnico con lo pol\u00edtico, porque no es seguro que lo que se necesita en El Tamarugal, sea finalmente, lo que se construir\u00e1. El anhelo de la gente del Tamarugal y de sus autoridades es contar con un Hospital<\/em>\u201d.<\/p>\n\n\n\n<p>Los consejeros regionales enfatizaron en se\u00f1alar, que ante la ausencia en la reuni\u00f3n, de algunas autoridades ministeriales, no se pudo revisar la totalidad de las discrepancias que llev\u00f3 a Santiago, la delegaci\u00f3n de autoridades regionales.<\/p>\n\n\n\n<p>Una de \u00e9stas, que si se pudo abordar y que gener\u00f3 cierta satisfacci\u00f3n por parte de los consejeros regionales, fue la del proyecto de implementar un segundo hospital para Iquique. Al respecto, el Ministerio de Salud inform\u00f3 durante la reuni\u00f3n, que ya se consideraron recursos sectoriales, para financiar el anteproyecto de esta iniciativa. Lo que implica, que para implementar esta fase de la iniciativa, el GORE de Tarapac\u00e1 no tendr\u00e1 que destinar recursos espec\u00edficos, y \u00e9stos, en cambio, se podr\u00edan destinar para financiar las siguientes etapas, que son la de Dise\u00f1o o la de Ejecuci\u00f3n de la obra.<\/p>\n\n\n\n<figure class=\"wp-block-image size-large\"><img loading=\"lazy\" decoding=\"async\" width=\"1024\" height=\"473\" src=\"https:\/\/coretarapaca.cl\/wp\/wp-content\/uploads\/1de78b4d-f178-4cbc-97ce-872b0c70214f-1024x473.jpg\" alt=\"\" class=\"wp-image-2900\" srcset=\"https:\/\/coretarapaca.cl\/wp\/wp-content\/uploads\/1de78b4d-f178-4cbc-97ce-872b0c70214f-1024x473.jpg 1024w, https:\/\/coretarapaca.cl\/wp\/wp-content\/uploads\/1de78b4d-f178-4cbc-97ce-872b0c70214f-300x139.jpg 300w, https:\/\/coretarapaca.cl\/wp\/wp-content\/uploads\/1de78b4d-f178-4cbc-97ce-872b0c70214f-768x355.jpg 768w, https:\/\/coretarapaca.cl\/wp\/wp-content\/uploads\/1de78b4d-f178-4cbc-97ce-872b0c70214f.jpg 1280w\" sizes=\"auto, (max-width: 1024px) 100vw, 1024px\" \/><\/figure>\n\n\n\n<figure class=\"wp-block-image size-large\"><img loading=\"lazy\" decoding=\"async\" width=\"1024\" height=\"473\" src=\"https:\/\/coretarapaca.cl\/wp\/wp-content\/uploads\/371a32b5-7193-40e2-8db7-e7c8b54b7bd4-1024x473.jpg\" alt=\"\" class=\"wp-image-2901\" srcset=\"https:\/\/coretarapaca.cl\/wp\/wp-content\/uploads\/371a32b5-7193-40e2-8db7-e7c8b54b7bd4-1024x473.jpg 1024w, https:\/\/coretarapaca.cl\/wp\/wp-content\/uploads\/371a32b5-7193-40e2-8db7-e7c8b54b7bd4-300x139.jpg 300w, https:\/\/coretarapaca.cl\/wp\/wp-content\/uploads\/371a32b5-7193-40e2-8db7-e7c8b54b7bd4-768x355.jpg 768w, https:\/\/coretarapaca.cl\/wp\/wp-content\/uploads\/371a32b5-7193-40e2-8db7-e7c8b54b7bd4.jpg 1280w\" sizes=\"auto, (max-width: 1024px) 100vw, 1024px\" \/><\/figure>\n\n\n\n<figure class=\"wp-block-image size-large\"><img loading=\"lazy\" decoding=\"async\" width=\"1024\" height=\"473\" src=\"https:\/\/coretarapaca.cl\/wp\/wp-content\/uploads\/1126147c-1977-4970-9b9f-ce664ef22fd6-1024x473.jpg\" alt=\"\" class=\"wp-image-2902\" srcset=\"https:\/\/coretarapaca.cl\/wp\/wp-content\/uploads\/1126147c-1977-4970-9b9f-ce664ef22fd6-1024x473.jpg 1024w, https:\/\/coretarapaca.cl\/wp\/wp-content\/uploads\/1126147c-1977-4970-9b9f-ce664ef22fd6-300x139.jpg 300w, https:\/\/coretarapaca.cl\/wp\/wp-content\/uploads\/1126147c-1977-4970-9b9f-ce664ef22fd6-768x355.jpg 768w, https:\/\/coretarapaca.cl\/wp\/wp-content\/uploads\/1126147c-1977-4970-9b9f-ce664ef22fd6.jpg 1280w\" sizes=\"auto, (max-width: 1024px) 100vw, 1024px\" \/><\/figure>\n\n\n\n<figure class=\"wp-block-image size-large\"><img loading=\"lazy\" decoding=\"async\" width=\"1024\" height=\"473\" src=\"https:\/\/coretarapaca.cl\/wp\/wp-content\/uploads\/36517181-2102-4492-ae55-a44ba841eb8d-1-1024x473.jpg\" alt=\"\" class=\"wp-image-2903\" srcset=\"https:\/\/coretarapaca.cl\/wp\/wp-content\/uploads\/36517181-2102-4492-ae55-a44ba841eb8d-1-1024x473.jpg 1024w, https:\/\/coretarapaca.cl\/wp\/wp-content\/uploads\/36517181-2102-4492-ae55-a44ba841eb8d-1-300x139.jpg 300w, https:\/\/coretarapaca.cl\/wp\/wp-content\/uploads\/36517181-2102-4492-ae55-a44ba841eb8d-1-768x355.jpg 768w, https:\/\/coretarapaca.cl\/wp\/wp-content\/uploads\/36517181-2102-4492-ae55-a44ba841eb8d-1.jpg 1280w\" sizes=\"auto, (max-width: 1024px) 100vw, 1024px\" \/><\/figure>\n\n\n\n<figure class=\"wp-block-image size-large\"><img loading=\"lazy\" decoding=\"async\" width=\"1024\" height=\"473\" src=\"https:\/\/coretarapaca.cl\/wp\/wp-content\/uploads\/b5d5090d-3c52-487c-a77e-da1144e8fca6-1024x473.jpg\" alt=\"\" class=\"wp-image-2904\" srcset=\"https:\/\/coretarapaca.cl\/wp\/wp-content\/uploads\/b5d5090d-3c52-487c-a77e-da1144e8fca6-1024x473.jpg 1024w, https:\/\/coretarapaca.cl\/wp\/wp-content\/uploads\/b5d5090d-3c52-487c-a77e-da1144e8fca6-300x139.jpg 300w, https:\/\/coretarapaca.cl\/wp\/wp-content\/uploads\/b5d5090d-3c52-487c-a77e-da1144e8fca6-768x355.jpg 768w, https:\/\/coretarapaca.cl\/wp\/wp-content\/uploads\/b5d5090d-3c52-487c-a77e-da1144e8fca6.jpg 1280w\" sizes=\"auto, (max-width: 1024px) 100vw, 1024px\" \/><\/figure>\n","protected":false},"excerpt":{"rendered":"<p>En reuni\u00f3n de autoridades regionales con funcionarios de la DIPRES y de distintos ministerios, se revisaron discrepancias al Anteproyecto Regional de Inversiones 2026. La inasistencia de representantes del Ministerio del Interior en la reuni\u00f3n, a juicio de los cores Mauricio Schmidt Silva, Hugo Estica Esteban y Francisco Lincheo Torrej\u00f3n, perjudic\u00f3 la revisi\u00f3n t\u00e9cnica de algunas [&hellip;]<\/p>\n","protected":false},"author":3,"featured_media":2899,"comment_status":"closed","ping_status":"","sticky":false,"template":"","format":"standard","meta":{"_mi_skip_tracking":false,"footnotes":""},"categories":[97],"tags":[],"class_list":["post-2897","post","type-post","status-publish","format-standard","has-post-thumbnail","hentry","category-consejo-regional-de-tarapaca"],"_links":{"self":[{"href":"https:\/\/coretarapaca.cl\/wp\/index.php?rest_route=\/wp\/v2\/posts\/2897","targetHints":{"allow":["GET"]}}],"collection":[{"href":"https:\/\/coretarapaca.cl\/wp\/index.php?rest_route=\/wp\/v2\/posts"}],"about":[{"href":"https:\/\/coretarapaca.cl\/wp\/index.php?rest_route=\/wp\/v2\/types\/post"}],"author":[{"embeddable":true,"href":"https:\/\/coretarapaca.cl\/wp\/index.php?rest_route=\/wp\/v2\/users\/3"}],"replies":[{"embeddable":true,"href":"https:\/\/coretarapaca.cl\/wp\/index.php?rest_route=%2Fwp%2Fv2%2Fcomments&post=2897"}],"version-history":[{"count":2,"href":"https:\/\/coretarapaca.cl\/wp\/index.php?rest_route=\/wp\/v2\/posts\/2897\/revisions"}],"predecessor-version":[{"id":2906,"href":"https:\/\/coretarapaca.cl\/wp\/index.php?rest_route=\/wp\/v2\/posts\/2897\/revisions\/2906"}],"wp:featuredmedia":[{"embeddable":true,"href":"https:\/\/coretarapaca.cl\/wp\/index.php?rest_route=\/wp\/v2\/media\/2899"}],"wp:attachment":[{"href":"https:\/\/coretarapaca.cl\/wp\/index.php?rest_route=%2Fwp%2Fv2%2Fmedia&parent=2897"}],"wp:term":[{"taxonomy":"category","embeddable":true,"href":"https:\/\/coretarapaca.cl\/wp\/index.php?rest_route=%2Fwp%2Fv2%2Fcategories&post=2897"},{"taxonomy":"post_tag","embeddable":true,"href":"https:\/\/coretarapaca.cl\/wp\/index.php?rest_route=%2Fwp%2Fv2%2Ftags&post=2897"}],"curies":[{"name":"wp","href":"https:\/\/api.w.org\/{rel}","templated":true}]}}